{"id":524710,"date":"2025-11-10T10:45:15","date_gmt":"2025-11-10T10:45:15","guid":{"rendered":"https:\/\/www.europesays.com\/fr\/524710\/"},"modified":"2025-11-10T10:45:15","modified_gmt":"2025-11-10T10:45:15","slug":"strasbourg-soprano-soffre-deux-zenith-les-15-et-16-novembre-2","status":"publish","type":"post","link":"https:\/\/www.europesays.com\/fr\/524710\/","title":{"rendered":"Strasbourg. Soprano s\u2019offre deux Z\u00e9nith les 15 et 16 novembre"},"content":{"rendered":"<p><a href=\"https:\/\/www.lalsace.fr\/p\/soprano\" target=\"_blank\" rel=\"nofollow noopener\">Soprano<\/a> \u00e9tait en Alsace en 2023 pour l\u2019album Chasseur d\u2019\u00e9toiles. Le voil\u00e0 reparti sur les routes de France pour son \u00ab\u00a0Freedom tour\u00a0\u00bb. Soprano continue au fil de ses albums \u00e0 battre en br\u00e8che les clich\u00e9s qui collent au rap. <a href=\"https:\/\/www.lalsace.fr\/culture-loisirs\/2022\/02\/24\/soprano-etre-reveur-c-est-une-force-extraordinaire\" target=\"_blank\" rel=\"nofollow noopener\">Le chanteur franco-comorien<\/a> originaire de Marseille, ancien de Psy 4 de la rime, aligne les collaborations avec Jul, <a href=\"https:\/\/www.lalsace.fr\/p\/kendji-girac\" target=\"_blank\" rel=\"nofollow noopener\">Kendji Girac<\/a>, Black M, Tiken Jah Fakoly. Il a sorti un huiti\u00e8me disque, Freedom , aux accents intimistes, pop et dansant.<\/p>\n<p>Rappeur, compositeur, acteur, influenc\u00e9 notamment par le groupe I Am, il d\u00e9ploie sur sc\u00e8ne un v\u00e9ritable spectacle \u00ab\u00a0concept\u00a0\u00bb. M\u00eame si \u00ab\u00a0le monde est devenu fou comme <a href=\"https:\/\/www.lalsace.fr\/p\/kanye-west\" target=\"_blank\" rel=\"nofollow noopener\">Kanye West<\/a>\u00a0\u00bb et s\u2019est effondr\u00e9, comme la statue de la Libert\u00e9, Soprano a de la ressource et il devrait en t\u00e9moigner une nouvelle fois dans son m\u00e9ga show, promis encore plus spectaculaire que les pr\u00e9c\u00e9dents. <\/p>\n<p>La tourn\u00e9e va se conclure en d\u00e9cembre par quatre dates \u00e0 l\u2019Accor Arena. En attendant, il fait halte \u00e0 Strasbourg, avec sa g\u00e9n\u00e9rosit\u00e9, son \u00e9nergie et ses hymnes \u00e0 chanter et danser, pl\u00e9biscit\u00e9s par un large public.<\/p>\n<p class=\"note\">Z\u00e9nith \u00e0 Eckbolsheim, samedi 15\u00a0novembre \u00e0 20h, dimanche 16\u00a0novembre \u00e0 18h. Tarifs : de 25 \u00e0 74\u00a0euros. R\u00e9servations : <a href=\"https:\/\/www.zenith-strasbourg.fr\/evenement\/soprano\/\" target=\"_blank\" rel=\"nofollow noopener\">billetterie.zenith-strasbourg.fr<\/a><\/p>\n","protected":false},"excerpt":{"rendered":"Soprano \u00e9tait en Alsace en 2023 pour l\u2019album Chasseur d\u2019\u00e9toiles. Le voil\u00e0 reparti sur les routes de France&hellip;\n","protected":false},"author":2,"featured_media":524366,"comment_status":"","ping_status":"","sticky":false,"template":"","format":"standard","meta":{"footnotes":""},"categories":[2820],"tags":[1111,11,2389,1687,1777,674,107,1011,27,775,873,12,25,640],"class_list":{"0":"post-524710","1":"post","2":"type-post","3":"status-publish","4":"format-standard","5":"has-post-thumbnail","7":"category-strasbourg","8":"tag-actu","9":"tag-actualites","10":"tag-alsace","11":"tag-culture-loisirs","12":"tag-eu","13":"tag-europe","14":"tag-fil-info","15":"tag-fr","16":"tag-france","17":"tag-grand-est","18":"tag-musique","19":"tag-news","20":"tag-republique-francaise","21":"tag-strasbourg"},"share_on_mastodon":{"url":"https:\/\/pubeurope.com\/@fr\/115525001234384607","error":""},"_links":{"self":[{"href":"https:\/\/www.europesays.com\/fr\/wp-json\/wp\/v2\/posts\/524710","targetHints":{"allow":["GET"]}}],"collection":[{"href":"https:\/\/www.europesays.com\/fr\/wp-json\/wp\/v2\/posts"}],"about":[{"href":"https:\/\/www.europesays.com\/fr\/wp-json\/wp\/v2\/types\/post"}],"author":[{"embeddable":true,"href":"https:\/\/www.europesays.com\/fr\/wp-json\/wp\/v2\/users\/2"}],"replies":[{"embeddable":true,"href":"https:\/\/www.europesays.com\/fr\/wp-json\/wp\/v2\/comments?post=524710"}],"version-history":[{"count":0,"href":"https:\/\/www.europesays.com\/fr\/wp-json\/wp\/v2\/posts\/524710\/revisions"}],"wp:featuredmedia":[{"embeddable":true,"href":"https:\/\/www.europesays.com\/fr\/wp-json\/wp\/v2\/media\/524366"}],"wp:attachment":[{"href":"https:\/\/www.europesays.com\/fr\/wp-json\/wp\/v2\/media?parent=524710"}],"wp:term":[{"taxonomy":"category","embeddable":true,"href":"https:\/\/www.europesays.com\/fr\/wp-json\/wp\/v2\/categories?post=524710"},{"taxonomy":"post_tag","embeddable":true,"href":"https:\/\/www.europesays.com\/fr\/wp-json\/wp\/v2\/tags?post=524710"}],"curies":[{"name":"wp","href":"https:\/\/api.w.org\/{rel}","templated":true}]}}