{"id":524711,"date":"2025-11-10T10:46:06","date_gmt":"2025-11-10T10:46:06","guid":{"rendered":"https:\/\/www.europesays.com\/fr\/524711\/"},"modified":"2025-11-10T10:46:06","modified_gmt":"2025-11-10T10:46:06","slug":"lille-sale-bougnoule-des-supporteurs-du-losc-coupables-dinsultes-racistes-a-la-meinau","status":"publish","type":"post","link":"https:\/\/www.europesays.com\/fr\/524711\/","title":{"rendered":"Lille\u00a0: \u00ab\u00a0Sale bougnoule\u00a0\u00bb\u2026 Des supporteurs du Losc coupables d\u2019insultes racistes \u00e0 La Meinau"},"content":{"rendered":"<p>Ce n\u2019est pas la premi\u00e8re fois que les supporteurs lillois font parler d\u2019eux sur ce terrain-l\u00e0. En janvier\u00a02024, de <a href=\"https:\/\/www.20minutes.fr\/sport\/football\/coupe-de-france\/4071878-20240122-coupe-france-sale-bougnoule-sale-noir-insultes-racistes-entendues-parcage-supporteurs-lillois\" target=\"_blank\" class=\"c-link c-link--is-underlined\" rel=\"noopener\">nombreuses insultes racistes avaient \u00e9t\u00e9 prof\u00e9r\u00e9es dans le parcage du Losc<\/a> \u00e0 Chambly, o\u00f9 se disputait le 16e de finale de Coupe de France entre le Racing Club de France et le Losc, dimanche. Bis repetita \u00e0 <a href=\"https:\/\/www.20minutes.fr\/sport\/rc_strasbourg\/\" target=\"_blank\" class=\"c-link c-link--is-underlined\" rel=\"noopener\">Strasbourg<\/a>, dimanche, o\u00f9 les Nordistes se sont inclin\u00e9s 2-0.<\/p>\n<p class=\"mb-xxl@xs color-ultramarine font-weight-semi-bold@xs font-source-serif-pro heading-s@xs\">L\u2019acc\u00e8s \u00e0 ce contenu a \u00e9t\u00e9 bloqu\u00e9 afin de respecter votre choix de consentement<\/p>\n<p class=\"mb-m@xs text-l@xs\">En cliquant sur\u00ab J\u2019accepte \u00bb, vous acceptez le d\u00e9p\u00f4t de cookies par des services externes et aurez ainsi acc\u00e8s aux contenus de nos partenaires.<\/p>\n<p class=\"mb-xl@xs text-s@xs\">Plus d\u2019informations sur la page<a href=\"https:\/\/www.20minutes.fr\/gestion-cookies\" class=\"mx-xxs@xs color-ultramarine\" target=\"_blank\" rel=\"noopener\">Politique de gestion des cookies<\/a><\/p>\n<p>J\u2019accepte<\/p>\n<p>Sur Twitter (devenu X), un fan des Dogues pr\u00e9sents \u00e0 la Meinau a ainsi <a href=\"https:\/\/x.com\/RmyDspo\/status\/1987599066042355809\" rel=\"nofollow\" target=\"_blank\" class=\"c-link c-link--is-underlined\">d\u00e9nonc\u00e9 des insultes racistes entonn\u00e9es dans le parcage<\/a>\u00a0: \u00ab\u00a0A la fin du match, des altercations fusent entre supporteurs strasbourgeois et lillois \u00e0 travers la vitre. les premiers \u00ab\u00a0sale bougnoule\u00a0\u00bb sont entendus. Un mec se met debout sur une grille et mime le singe. Des stickers \u00ab\u00a0Ici c\u2019est la France\u00a0\u00bb.\u00a0\u00bb<\/p>\n<\/p>\n<p>Ces propos sont corrobor\u00e9s par une vid\u00e9o o\u00f9 on voit tr\u00e8s clairement un supporteur lillois lancer \u00e0 au moins trois reprises un <a href=\"https:\/\/www.20minutes.fr\/arts-stars\/television\/3014443-20210405-sale-bougnoule-salope-alice-belaidi-accuse-pierre-menes-insultes-racistes-sexistes\" target=\"_blank\" class=\"c-link c-link--is-underlined\" rel=\"noopener\">\u00ab\u00a0sale bougnoule\u00a0\u00bb<\/a> \u00e0 un supporteur strasbourgeois. Identifiable sur la vid\u00e9o, cet homme ne devrait plus fr\u00e9quenter un stade pendant pas mal de temps si les autorit\u00e9s font leur boulot.<\/p>\n","protected":false},"excerpt":{"rendered":"Ce n\u2019est pas la premi\u00e8re fois que les supporteurs lillois font parler d\u2019eux sur ce terrain-l\u00e0. En janvier\u00a02024,&hellip;\n","protected":false},"author":2,"featured_media":524712,"comment_status":"","ping_status":"","sticky":false,"template":"","format":"standard","meta":{"footnotes":""},"categories":[2820],"tags":[1111,11,1777,674,63,1011,27,775,66,2854,12,10162,4448,25,517,640],"class_list":{"0":"post-524711","1":"post","2":"type-post","3":"status-publish","4":"format-standard","5":"has-post-thumbnail","7":"category-strasbourg","8":"tag-actu","9":"tag-actualites","10":"tag-eu","11":"tag-europe","12":"tag-football","13":"tag-fr","14":"tag-france","15":"tag-grand-est","16":"tag-ligue-1","17":"tag-losc-lille","18":"tag-news","19":"tag-racisme","20":"tag-rc-strasbourg","21":"tag-republique-francaise","22":"tag-sport","23":"tag-strasbourg"},"share_on_mastodon":{"url":"https:\/\/pubeurope.com\/@fr\/115525005110324019","error":""},"_links":{"self":[{"href":"https:\/\/www.europesays.com\/fr\/wp-json\/wp\/v2\/posts\/524711","targetHints":{"allow":["GET"]}}],"collection":[{"href":"https:\/\/www.europesays.com\/fr\/wp-json\/wp\/v2\/posts"}],"about":[{"href":"https:\/\/www.europesays.com\/fr\/wp-json\/wp\/v2\/types\/post"}],"author":[{"embeddable":true,"href":"https:\/\/www.europesays.com\/fr\/wp-json\/wp\/v2\/users\/2"}],"replies":[{"embeddable":true,"href":"https:\/\/www.europesays.com\/fr\/wp-json\/wp\/v2\/comments?post=524711"}],"version-history":[{"count":0,"href":"https:\/\/www.europesays.com\/fr\/wp-json\/wp\/v2\/posts\/524711\/revisions"}],"wp:featuredmedia":[{"embeddable":true,"href":"https:\/\/www.europesays.com\/fr\/wp-json\/wp\/v2\/media\/524712"}],"wp:attachment":[{"href":"https:\/\/www.europesays.com\/fr\/wp-json\/wp\/v2\/media?parent=524711"}],"wp:term":[{"taxonomy":"category","embeddable":true,"href":"https:\/\/www.europesays.com\/fr\/wp-json\/wp\/v2\/categories?post=524711"},{"taxonomy":"post_tag","embeddable":true,"href":"https:\/\/www.europesays.com\/fr\/wp-json\/wp\/v2\/tags?post=524711"}],"curies":[{"name":"wp","href":"https:\/\/api.w.org\/{rel}","templated":true}]}}