{"id":524717,"date":"2025-11-10T10:49:10","date_gmt":"2025-11-10T10:49:10","guid":{"rendered":"https:\/\/www.europesays.com\/fr\/524717\/"},"modified":"2025-11-10T10:49:10","modified_gmt":"2025-11-10T10:49:10","slug":"voici-la-liste-des-commerces-ouverts-a-nantes-et-dans-sa-metropole-2","status":"publish","type":"post","link":"https:\/\/www.europesays.com\/fr\/524717\/","title":{"rendered":"voici la liste des commerces ouverts \u00e0 Nantes et dans sa m\u00e9tropole"},"content":{"rendered":"<p>            Par<br \/>\n        <strong><br \/>\n            <a href=\"https:\/\/actu.fr\/auteur\/redaction-nantes\" title=\"Consulter tous les articles de R\u00e9daction Nantes\" target=\"_blank\" rel=\"noopener\">R\u00e9daction Nantes<\/a><br \/>\n        <\/strong><\/p>\n<p>        Publi\u00e9 le<\/p>\n<p>            10 nov. 2025 \u00e0 11h30        <\/p>\n<p>Ce mardi 11\u00a0novembre 2025, des commerces de la r\u00e9gion nantaise vont adapter leurs horaires. Certains centres commerciaux o<b>uvriront exceptionnellement leurs portes lors de ce jour f\u00e9ri\u00e9 de l\u2019Armistice tandis que d\u2019autres fermeront<\/b>. La r\u00e9daction d\u2019actu Nantes vous propose une liste non exhaustive des magasins ouverts le 11\u00a0novembre.<\/p>\n<p>Les centres commerciaux ouverts \u00e0 Nantes<\/p>\n<p class=\" wall-content\">\u00c0 Nantes, la majorit\u00e9 des centres commerciaux ouvriront leurs portes ce mardi\u2009:<\/p>\n<ul class=\" wall-content\">\n<li><b>Centre commercial Beaulieu<\/b>, de 10h \u00e0 19h.<\/li>\n<li><b>Centre commercial Atlantis<\/b>, de 10h \u00e0 20h.<\/li>\n<li><b>E.Leclerc Atlantis<\/b>, de 8h \u00e0 20h.<\/li>\n<li><b>Ikea Atlantis<\/b>, de 10h \u00e0 20h.<\/li>\n<li><b>Centre commercial Paridis<\/b>, de 10h \u00e0 19h.<\/li>\n<li><b>Hypermarch\u00e9 E.Leclerc Paridis<\/b>, de 8h30 \u00e0 20h.<\/li>\n<li><b>Centre commercial Nantes la Beaujoire<\/b>, de 9h \u00e0 19h.<\/li>\n<li><b>Passage Pommeraye<\/b>, de 10h \u00e0 18h.<\/li>\n<li><b>Fnac de Nantes (place du Commerce)<\/b>, de 11h \u00e0 19h.<\/li>\n<li><b>Galeries Lafayette<\/b>, de 10h \u00e0 19h.<\/li>\n<li><b>Monoprix Decr\u00e9<\/b>, de 10h \u00e0 19h.<\/li>\n<\/ul>\n<p>Les centres commerciaux dans la m\u00e9tropole<\/p>\n<p class=\" wall-content\">Les autres centres commerciaux de la m\u00e9tropole nantaise ouvriront \u00e9galement leurs portes\u2009:<\/p>\n<ul class=\" wall-content\">\n<li><b>Centre commercial Auchan de Saint-S\u00e9bastien-sur-Loire<\/b>, de 10h \u00e0 18h30.<\/li>\n<li><b>Magasin Auchan Saint-S\u00e9bastien-sur-Loire<\/b>, de 9h \u00e0 19h30.<\/li>\n<li><b>Auchan Sillon \u00e0 Saint-Herblain<\/b>, de 9h \u00e0 19h.<\/li>\n<li><b>Hypermarch\u00e9 E.Leclerc<\/b> <b>Galerie Oc\u00e9ane<\/b>, de 9h \u00e0 20h.<\/li>\n<li><b>Boutiques de la Galerie Oc\u00e9ane<\/b>, de 9h30 \u00e0 19h30.<\/li>\n<\/ul>\n<p class=\" wall-content\">Personnalisez votre actualit\u00e9 en ajoutant vos villes et m\u00e9dias en favori avec <a href=\"https:\/\/moncompte.actu.fr\" title=\"D\u00e9couvez Mon Actu\" rel=\"nofollow noopener\" data-trk=\"{&quot;cta&quot;:{&quot;action&quot;:&quot;https:\\\/\\\/moncompte.actu.fr&quot;,&quot;category&quot;:&quot;mon compte&quot;,&quot;from&quot;:&quot;article footer&quot;,&quot;name&quot;:&quot;Mon actu&quot;,&quot;type&quot;:&quot;cta&quot;}}\" target=\"_blank\">Mon Actu<\/a>.<\/p>\n","protected":false},"excerpt":{"rendered":"Par R\u00e9daction Nantes Publi\u00e9 le 10 nov. 2025 \u00e0 11h30 Ce mardi 11\u00a0novembre 2025, des commerces de la&hellip;\n","protected":false},"author":2,"featured_media":524718,"comment_status":"","ping_status":"","sticky":false,"template":"","format":"standard","meta":{"footnotes":""},"categories":[2818],"tags":[1111,11,215,1777,674,1011,27,39144,766,12,2636,25,104],"class_list":{"0":"post-524717","1":"post","2":"type-post","3":"status-publish","4":"format-standard","5":"has-post-thumbnail","7":"category-nantes","8":"tag-actu","9":"tag-actualites","10":"tag-commerce","11":"tag-eu","12":"tag-europe","13":"tag-fr","14":"tag-france","15":"tag-jours-feries","16":"tag-nantes","17":"tag-news","18":"tag-pays-de-la-loire","19":"tag-republique-francaise","20":"tag-societe"},"share_on_mastodon":{"url":"https:\/\/pubeurope.com\/@fr\/115525016989900697","error":""},"_links":{"self":[{"href":"https:\/\/www.europesays.com\/fr\/wp-json\/wp\/v2\/posts\/524717","targetHints":{"allow":["GET"]}}],"collection":[{"href":"https:\/\/www.europesays.com\/fr\/wp-json\/wp\/v2\/posts"}],"about":[{"href":"https:\/\/www.europesays.com\/fr\/wp-json\/wp\/v2\/types\/post"}],"author":[{"embeddable":true,"href":"https:\/\/www.europesays.com\/fr\/wp-json\/wp\/v2\/users\/2"}],"replies":[{"embeddable":true,"href":"https:\/\/www.europesays.com\/fr\/wp-json\/wp\/v2\/comments?post=524717"}],"version-history":[{"count":0,"href":"https:\/\/www.europesays.com\/fr\/wp-json\/wp\/v2\/posts\/524717\/revisions"}],"wp:featuredmedia":[{"embeddable":true,"href":"https:\/\/www.europesays.com\/fr\/wp-json\/wp\/v2\/media\/524718"}],"wp:attachment":[{"href":"https:\/\/www.europesays.com\/fr\/wp-json\/wp\/v2\/media?parent=524717"}],"wp:term":[{"taxonomy":"category","embeddable":true,"href":"https:\/\/www.europesays.com\/fr\/wp-json\/wp\/v2\/categories?post=524717"},{"taxonomy":"post_tag","embeddable":true,"href":"https:\/\/www.europesays.com\/fr\/wp-json\/wp\/v2\/tags?post=524717"}],"curies":[{"name":"wp","href":"https:\/\/api.w.org\/{rel}","templated":true}]}}