{"id":524719,"date":"2025-11-10T10:50:11","date_gmt":"2025-11-10T10:50:11","guid":{"rendered":"https:\/\/www.europesays.com\/fr\/524719\/"},"modified":"2025-11-10T10:50:11","modified_gmt":"2025-11-10T10:50:11","slug":"quatre-personnes-blessees-durant-une-rixe-entre-detenus","status":"publish","type":"post","link":"https:\/\/www.europesays.com\/fr\/524719\/","title":{"rendered":"quatre personnes bless\u00e9es durant une rixe entre d\u00e9tenus"},"content":{"rendered":"<p>            Par<br \/>\n        <strong><br \/>\n            <a href=\"https:\/\/actu.fr\/auteur\/laure-gentil\" title=\"Consulter tous les articles de Laure Gentil\" target=\"_blank\" rel=\"noopener\">Laure Gentil<\/a><br \/>\n        <\/strong><\/p>\n<p>        Publi\u00e9 le<\/p>\n<p>            10 nov. 2025 \u00e0 10h10<br \/>\n        ; mis \u00e0 jour le 10 nov. 2025 \u00e0 10h36    <\/p>\n<p>L\u2019incident s\u2019est d\u00e9roul\u00e9 ce <b>dimanche 9\u00a0novembre 2025<\/b> vers 15\u2009h\u200930 dans la maison d\u2019arr\u00eat de Nantes. Selon le Service d\u00e9partemental d\u2019incendie et de secours de Loire-Atlantique, <b>une rixe a \u00e9clat\u00e9<\/b> entre diff\u00e9rents d\u00e9tenus faisant plusieurs bless\u00e9s.<\/p>\n<p>Armes blanches<\/p>\n<p class=\" wall-content\">Le SDIS 44 pr\u00e9cise qu\u2019il s\u2019agissait d\u2019une \u00ab\u2009rixe avec armes blanches\u2009\u00bb et qu\u2019en tout, <b>cinq d\u00e9tenus <\/b>ont particip\u00e9 \u00e0 l\u2019altercation. Quatre d\u2019entre eux ont \u00e9t\u00e9 l\u00e9g\u00e8rement bless\u00e9s. Ils ont \u00e9t\u00e9 transport\u00e9s au CHU de Nantes. Cinq ambulances ont \u00e9t\u00e9 mobilis\u00e9es.<\/p>\n<p class=\" wall-content\">Contact\u00e9 par\u00a0actu Nantes, William Cozic, d\u00e9l\u00e9gu\u00e9 syndical Force ouvri\u00e8re Justice \u00e0 la prison de Nantes, s\u2019alarme\u2009:<\/p>\n<blockquote class=\"ac-article-quote wall-content\">\n<p>\u00c7a devient tr\u00e8s inqui\u00e9tant, on monte dans la gravit\u00e9 des faits et rien n\u2019est mis en place pour stopper l\u2019h\u00e9morragie.<\/p>\n<p>William Cozic, d\u00e9l\u00e9gu\u00e9 syndical FO Justice<\/p><\/blockquote>\n<p class=\" wall-content\">Pour le d\u00e9l\u00e9gu\u00e9 syndical, la cause de cette rixe se trouve dans la \u00ab\u2009surpopulation carc\u00e9rale\u2009\u00bb qui m\u00e8ne \u00e0 des \u00ab\u2009tensions in\u00e9vitables\u2009\u00bb.<\/p>\n<p class=\" wall-content\">Personnalisez votre actualit\u00e9 en ajoutant vos villes et m\u00e9dias en favori avec <a href=\"https:\/\/moncompte.actu.fr\" title=\"D\u00e9couvez Mon Actu\" rel=\"nofollow noopener\" data-trk=\"{&quot;cta&quot;:{&quot;action&quot;:&quot;https:\\\/\\\/moncompte.actu.fr&quot;,&quot;category&quot;:&quot;mon compte&quot;,&quot;from&quot;:&quot;article footer&quot;,&quot;name&quot;:&quot;Mon actu&quot;,&quot;type&quot;:&quot;cta&quot;}}\" target=\"_blank\">Mon Actu<\/a>.<\/p>\n","protected":false},"excerpt":{"rendered":"Par Laure Gentil Publi\u00e9 le 10 nov. 2025 \u00e0 10h10 ; mis \u00e0 jour le 10 nov. 2025&hellip;\n","protected":false},"author":2,"featured_media":524720,"comment_status":"","ping_status":"","sticky":false,"template":"","format":"standard","meta":{"footnotes":""},"categories":[2818],"tags":[1111,11,1777,674,118,1011,27,766,12,2636,1311,899,25],"class_list":{"0":"post-524719","1":"post","2":"type-post","3":"status-publish","4":"format-standard","5":"has-post-thumbnail","7":"category-nantes","8":"tag-actu","9":"tag-actualites","10":"tag-eu","11":"tag-europe","12":"tag-faits-divers","13":"tag-fr","14":"tag-france","15":"tag-nantes","16":"tag-news","17":"tag-pays-de-la-loire","18":"tag-pompiers","19":"tag-prisons","20":"tag-republique-francaise"},"share_on_mastodon":{"url":"https:\/\/pubeurope.com\/@fr\/115525021026020145","error":""},"_links":{"self":[{"href":"https:\/\/www.europesays.com\/fr\/wp-json\/wp\/v2\/posts\/524719","targetHints":{"allow":["GET"]}}],"collection":[{"href":"https:\/\/www.europesays.com\/fr\/wp-json\/wp\/v2\/posts"}],"about":[{"href":"https:\/\/www.europesays.com\/fr\/wp-json\/wp\/v2\/types\/post"}],"author":[{"embeddable":true,"href":"https:\/\/www.europesays.com\/fr\/wp-json\/wp\/v2\/users\/2"}],"replies":[{"embeddable":true,"href":"https:\/\/www.europesays.com\/fr\/wp-json\/wp\/v2\/comments?post=524719"}],"version-history":[{"count":0,"href":"https:\/\/www.europesays.com\/fr\/wp-json\/wp\/v2\/posts\/524719\/revisions"}],"wp:featuredmedia":[{"embeddable":true,"href":"https:\/\/www.europesays.com\/fr\/wp-json\/wp\/v2\/media\/524720"}],"wp:attachment":[{"href":"https:\/\/www.europesays.com\/fr\/wp-json\/wp\/v2\/media?parent=524719"}],"wp:term":[{"taxonomy":"category","embeddable":true,"href":"https:\/\/www.europesays.com\/fr\/wp-json\/wp\/v2\/categories?post=524719"},{"taxonomy":"post_tag","embeddable":true,"href":"https:\/\/www.europesays.com\/fr\/wp-json\/wp\/v2\/tags?post=524719"}],"curies":[{"name":"wp","href":"https:\/\/api.w.org\/{rel}","templated":true}]}}