{"id":524729,"date":"2025-11-10T10:57:07","date_gmt":"2025-11-10T10:57:07","guid":{"rendered":"https:\/\/www.europesays.com\/fr\/524729\/"},"modified":"2025-11-10T10:57:07","modified_gmt":"2025-11-10T10:57:07","slug":"les-gouters-culturels-participez-et-faconnez-la-culture-de-demain","status":"publish","type":"post","link":"https:\/\/www.europesays.com\/fr\/524729\/","title":{"rendered":"Les Go\u00fbters Culturels : participez et fa\u00e7onnez la culture de demain !"},"content":{"rendered":"<p class=\"introduction\">Roubaix lance ses tout premiers Go\u00fbters Culturels, une initiative qui invite chaque habitant \u00e0 se r\u00e9unir pour discuter, \u00e9changer et partager sa vision de la culture dans la ville. Du 14 novembre au 9 d\u00e9cembre 2025, la direction de la Culture de Roubaix organise ces \u00e9v\u00e9nements dans chacun des quartiers.<\/p>\n<p>Ils offrent un cadre bienveillant et d\u00e9contract\u00e9 pour que les citoyens puissent exprimer librement leurs besoins et leurs envies, mais aussi les obstacles qu\u2019ils rencontrent pour acc\u00e9der aux activit\u00e9s culturelles. Ces rencontres ouvertes \u00e0 tous s\u2019inscrivent dans la volont\u00e9 de la ville de renforcer la proximit\u00e9 et d\u2019associer directement les habitants au d\u00e9veloppement culturel.<\/p>\n<p><strong>\u00c0 vos agendas : dates et lieux des Go\u00fbters Culturels par quartier<\/strong><\/p>\n<p>Chaque quartier accueillera un Go\u00fbter Culturel, permettant \u00e0 tous de participer facilement pr\u00e8s de chez eux. Voici les dates \u00e0 ne pas manquer :<\/p>\n<ul>\n<li><strong>Quartier Est<\/strong> : vendredi 14 novembre \u00e0 18h, Association Da-Mas (8 rue des Foss\u00e9s).<\/li>\n<li><strong>Quartier Nord<\/strong> : mercredi 19 novembre \u00e0 14h, Centre social Alma (166 rue de Fontenoy).<\/li>\n<li><strong>Quartier Centre<\/strong> : Jeudi 27 novembre \u00e0 14h, Foyer Belfort (67 boulevard de Belfort).<\/li>\n<li><strong>Quartier Ouest<\/strong> : mardi 2 d\u00e9cembre \u00e0 14h, Centre social Fresnoy-Mackellerie (77 rue de Rome).<\/li>\n<li><strong>Quartier Sud<\/strong> : mardi 9 d\u00e9cembre \u00e0 14h, Foyer Fourmies (174 Boulevard de Fourmies).<\/li>\n<\/ul>\n<p><strong>Un espace d\u2019expression pour co-construire les offres culturelles<\/strong><\/p>\n<p>Ces go\u00fbters sont bien plus que des moments de convivialit\u00e9 autour d\u2019un caf\u00e9 et de douceurs : ils constituent une opportunit\u00e9 pour chaque habitant de devenir acteur des projets culturels de Roubaix. Les \u00e9changes porteront sur leurs attentes, les offres culturelles qui leur sont accessibles, mais aussi sur les freins qu\u2019ils peuvent rencontrer dans leurs d\u00e9marches. Ces moments de dialogue pr\u00e9cieux permettront \u00e0 la direction de la Culture d\u2019enrichir ses projets avec des suggestions concr\u00e8tes issues du terrain.<\/p>\n<p>\u00c0 travers ces \u00e9v\u00e9nements, la Ville souhaite impliquer davantage ses habitants dans la construction de son offre culturelle, en tenant compte de leurs besoins sp\u00e9cifiques. Les id\u00e9es qui ressortiront de ces rencontres alimenteront le prochain <strong>budget participatif culture<\/strong> de Roubaix, une d\u00e9marche qui vise \u00e0 mettre en \u0153uvre les projets les plus soutenus par la communaut\u00e9.<\/p>\n<p><strong>Comment participer aux Go\u00fbters Culturels ?<\/strong><\/p>\n<p>Ces Go\u00fbters Culturels sont ouverts \u00e0 tous les roubaisiens, sans inscription pr\u00e9alable. Que vous soyez un habitu\u00e9 des \u00e9v\u00e9nements culturels ou que vous souhaitiez simplement d\u00e9couvrir ce que la ville a \u00e0 offrir, vous \u00eates le bienvenu pour donner votre avis et partager votre vision. N\u2019h\u00e9sitez pas \u00e0 venir en famille, avec vos amis ou vos voisins : la culture est l\u2019affaire de tous et chacun a sa place autour de la table !<\/p>\n<p><strong>Rendez-vous dans votre quartier pour \u00e9changer autour de la culture et participez \u00e0 fa\u00e7onner le Roubaix de demain !<\/strong><\/p>\n","protected":false},"excerpt":{"rendered":"Roubaix lance ses tout premiers Go\u00fbters Culturels, une initiative qui invite chaque habitant \u00e0 se r\u00e9unir pour discuter,&hellip;\n","protected":false},"author":2,"featured_media":524730,"comment_status":"","ping_status":"","sticky":false,"template":"","format":"standard","meta":{"footnotes":""},"categories":[2815],"tags":[1111,11,26252,251,1777,674,1011,27,64471,811,1307,12,13965,25],"class_list":{"0":"post-524729","1":"post","2":"type-post","3":"status-publish","4":"format-standard","5":"has-post-thumbnail","7":"category-lille","8":"tag-actu","9":"tag-actualites","10":"tag-budget-participatif-culture","11":"tag-culture","12":"tag-eu","13":"tag-europe","14":"tag-fr","15":"tag-france","16":"tag-gouters-culturels","17":"tag-hauts-de-france","18":"tag-lille","19":"tag-news","20":"tag-projets-culturels","21":"tag-republique-francaise"},"share_on_mastodon":{"url":"https:\/\/pubeurope.com\/@fr\/115525048458409962","error":""},"_links":{"self":[{"href":"https:\/\/www.europesays.com\/fr\/wp-json\/wp\/v2\/posts\/524729","targetHints":{"allow":["GET"]}}],"collection":[{"href":"https:\/\/www.europesays.com\/fr\/wp-json\/wp\/v2\/posts"}],"about":[{"href":"https:\/\/www.europesays.com\/fr\/wp-json\/wp\/v2\/types\/post"}],"author":[{"embeddable":true,"href":"https:\/\/www.europesays.com\/fr\/wp-json\/wp\/v2\/users\/2"}],"replies":[{"embeddable":true,"href":"https:\/\/www.europesays.com\/fr\/wp-json\/wp\/v2\/comments?post=524729"}],"version-history":[{"count":0,"href":"https:\/\/www.europesays.com\/fr\/wp-json\/wp\/v2\/posts\/524729\/revisions"}],"wp:featuredmedia":[{"embeddable":true,"href":"https:\/\/www.europesays.com\/fr\/wp-json\/wp\/v2\/media\/524730"}],"wp:attachment":[{"href":"https:\/\/www.europesays.com\/fr\/wp-json\/wp\/v2\/media?parent=524729"}],"wp:term":[{"taxonomy":"category","embeddable":true,"href":"https:\/\/www.europesays.com\/fr\/wp-json\/wp\/v2\/categories?post=524729"},{"taxonomy":"post_tag","embeddable":true,"href":"https:\/\/www.europesays.com\/fr\/wp-json\/wp\/v2\/tags?post=524729"}],"curies":[{"name":"wp","href":"https:\/\/api.w.org\/{rel}","templated":true}]}}