{"id":524731,"date":"2025-11-10T10:58:07","date_gmt":"2025-11-10T10:58:07","guid":{"rendered":"https:\/\/www.europesays.com\/fr\/524731\/"},"modified":"2025-11-10T10:58:07","modified_gmt":"2025-11-10T10:58:07","slug":"strasbourg-lille-sale-bougnoule-des-supporteurs-du-losc-coupables-dinsultes-racistes-a-la-meinau","status":"publish","type":"post","link":"https:\/\/www.europesays.com\/fr\/524731\/","title":{"rendered":"Strasbourg &#8211; Lille : \u00ab Sale bougnoule \u00bb\u2026 Des supporteurs du Losc coupables d\u2019insultes racistes \u00e0 La Meinau"},"content":{"rendered":"<p class=\"mb-4 text-lg md:leading-8 break-words\"><strong>On en a marre &#8211; Apr\u00e8s la d\u00e9faite \u00e0 Strasbourg, des supporteurs lillois ont eu un comportement totalement inappropri\u00e9<\/strong><\/p>\n<p class=\"mb-4 text-lg md:leading-8 break-words\">Ce n\u2019est pas la premi\u00e8re fois que les supporteurs lillois font parler d\u2019eux sur ce terrain-l\u00e0. En janvier\u00a02024, de <a href=\"https:\/\/www.20minutes.fr\/sport\/football\/coupe-de-france\/4071878-20240122-coupe-france-sale-bougnoule-sale-noir-insultes-racistes-entendues-parcage-supporteurs-lillois?at_medium=RSS%20feed&amp;at_campaign=ynews&amp;utm_source=yahoo&amp;utm_medium=rss&amp;utm_campaign=news_feed&amp;utm_content=in_article_link\" rel=\"nofollow noopener\" target=\"_blank\" data-ylk=\"slk:nombreuses insultes racistes avaient \u00e9t\u00e9 prof\u00e9r\u00e9es dans le parcage du Losc;elm:context_link;itc:0;sec:content-canvas\" class=\"link \">nombreuses insultes racistes avaient \u00e9t\u00e9 prof\u00e9r\u00e9es dans le parcage du Losc<\/a> \u00e0 Chambly, o\u00f9 se disputait le 16e de finale de Coupe de France entre le Racing Club de France et le Losc, dimanche. Bis repetita \u00e0 <a href=\"https:\/\/www.20minutes.fr\/sport\/rc_strasbourg\/?at_medium=RSS%20feed&amp;at_campaign=ynews&amp;utm_source=yahoo&amp;utm_medium=rss&amp;utm_campaign=news_feed&amp;utm_content=in_article_link\" rel=\"nofollow noopener\" target=\"_blank\" data-ylk=\"slk:Strasbourg;elm:context_link;itc:0;sec:content-canvas\" class=\"link \">Strasbourg<\/a>, dimanche, o\u00f9 les Nordistes se sont inclin\u00e9s 2-0.<\/p>\n<p class=\"mb-4 text-lg md:leading-8 break-words\">Sur Twitter (devenu X), un fan des Dogues pr\u00e9sents \u00e0 la Meinau a ainsi <a href=\"https:\/\/x.com\/RmyDspo\/status\/1987599066042355809?at_medium=RSS%20feed&amp;at_campaign=ynews&amp;utm_source=yahoo&amp;utm_medium=rss&amp;utm_campaign=news_feed&amp;utm_content=in_article_link\" rel=\"nofollow noopener\" target=\"_blank\" data-ylk=\"slk:d\u00e9nonc\u00e9 des insultes racistes entonn\u00e9es dans le parcage;elm:context_link;itc:0;sec:content-canvas\" class=\"link \">d\u00e9nonc\u00e9 des insultes racistes entonn\u00e9es dans le parcage<\/a>\u00a0: \u00ab\u00a0A la fin du match, des altercations fusent entre supporteurs strasbourgeois et lillois \u00e0 travers la vitre. les premiers \u00ab\u00a0sale bougnoule\u00a0\u00bb sont entendus. Un mec se met debout sur une grille et mime le singe. Des stickers \u00ab\u00a0Ici c\u2019est la France\u00a0\u00bb.\u00a0\u00bb<\/p>\n<p>Publicit\u00e9<\/p>\n<p>Publicit\u00e9<\/p>\n<p>Publicit\u00e9<\/p>\n<p>Publicit\u00e9<\/p>\n<p class=\"mb-4 text-lg md:leading-8 break-words\">Ces propos sont corrobor\u00e9s par une vid\u00e9o o\u00f9 on voit tr\u00e8s clairement un supporteur lillois lancer \u00e0 au moins trois reprises un <a href=\"https:\/\/www.20minutes.fr\/arts-stars\/television\/3014443-20210405-sale-bougnoule-salope-alice-belaidi-accuse-pierre-menes-insultes-racistes-sexistes?at_medium=RSS%20feed&amp;at_campaign=ynews&amp;utm_source=yahoo&amp;utm_medium=rss&amp;utm_campaign=news_feed&amp;utm_content=in_article_link\" rel=\"nofollow noopener\" target=\"_blank\" data-ylk=\"slk:\u00ab\u00a0sale bougnoule\u00a0\u00bb;elm:context_link;itc:0;sec:content-canvas\" class=\"link \">\u00ab\u00a0sale bougnoule\u00a0\u00bb<\/a> \u00e0 un supporteur strasbourgeois. Identifiable sur la vid\u00e9o, cet homme ne devrait plus fr\u00e9quenter un stade pendant pas mal de temps si les autorit\u00e9s font leur boulot.<\/p>\n<p class=\"mb-4 text-lg md:leading-8 break-words\"><a href=\"https:\/\/www.20minutes.fr\/sport\/football\/ligue-1\/4184702-20251110-strasbourg-lille-sale-bougnoule-supporteurs-losc-coupables-insultes-racistes-meinau?at_medium=RSS%20feed&amp;at_campaign=ynews&amp;utm_source=yahoo&amp;utm_medium=rss&amp;utm_campaign=news_feed&amp;utm_content=read_more_link&quot;\" rel=\"nofollow noopener\" target=\"_blank\" data-ylk=\"slk:Lire la suite sur 20minutes;elm:context_link;itc:0;sec:content-canvas\" class=\"link \">Lire la suite sur 20minutes<\/a><\/p>\n<p>\u00c0 lire aussi :<br \/><a href=\"https:\/\/www.20minutes.fr\/sport\/football\/coupe-de-france\/4071878-20240122-coupe-france-sale-bougnoule-sale-noir-insultes-racistes-entendues-parcage-supporteurs-lillois?at_medium=RSS%20feed&amp;at_campaign=ynews&amp;utm_source=yahoo&amp;utm_medium=rss&amp;utm_campaign=news_feed&amp;utm_content=related_content_link\" rel=\"nofollow noopener\" target=\"_blank\" data-ylk=\"slk:Coupe de France\u00a0: \u00ab\u00a0Sale bougnoule, sale noir\u00a0\u00bb\u2026 Des insultes racistes entendues dans le parcage des supporteurs lillois;elm:context_link;itc:0;sec:content-canvas\" class=\"link \">Coupe de France\u00a0: \u00ab\u00a0Sale bougnoule, sale noir\u00a0\u00bb\u2026 Des insultes racistes entendues dans le parcage des supporteurs lillois<\/a><br \/><a href=\"https:\/\/www.20minutes.fr\/sport\/football\/liga\/4170988-20250903-liga-an-prison-trois-ans-interdiction-stade-auteur-insultes-racistes-visant-inaki-williams?at_medium=RSS%20feed&amp;at_campaign=ynews&amp;utm_source=yahoo&amp;utm_medium=rss&amp;utm_campaign=news_feed&amp;utm_content=related_content_link\" rel=\"nofollow noopener\" target=\"_blank\" data-ylk=\"slk:Liga\u00a0: Un an de prison et trois ans d\u2019interdiction de stade pour l\u2019auteur d\u2019insultes racistes visant I\u00f1aki Williams;elm:context_link;itc:0;sec:content-canvas\" class=\"link \">Liga\u00a0: Un an de prison et trois ans d\u2019interdiction de stade pour l\u2019auteur d\u2019insultes racistes visant I\u00f1aki Williams<\/a><\/p>\n","protected":false},"excerpt":{"rendered":"On en a marre &#8211; Apr\u00e8s la d\u00e9faite \u00e0 Strasbourg, des supporteurs lillois ont eu un comportement totalement&hellip;\n","protected":false},"author":2,"featured_media":524732,"comment_status":"","ping_status":"","sticky":false,"template":"","format":"standard","meta":{"footnotes":""},"categories":[2815],"tags":[1111,11,14519,1777,674,21184,1011,27,811,1307,2267,12,64472,25,640,64473],"class_list":{"0":"post-524731","1":"post","2":"type-post","3":"status-publish","4":"format-standard","5":"has-post-thumbnail","7":"category-lille","8":"tag-actu","9":"tag-actualites","10":"tag-ce-nest-pas-la-premiere","11":"tag-eu","12":"tag-europe","13":"tag-finale-de-coupe-de-france","14":"tag-fr","15":"tag-france","16":"tag-hauts-de-france","17":"tag-lille","18":"tag-losc","19":"tag-news","20":"tag-racing-club-de-france","21":"tag-republique-francaise","22":"tag-strasbourg","23":"tag-supporteurs"},"share_on_mastodon":{"url":"https:\/\/pubeurope.com\/@fr\/115525052340189782","error":""},"_links":{"self":[{"href":"https:\/\/www.europesays.com\/fr\/wp-json\/wp\/v2\/posts\/524731","targetHints":{"allow":["GET"]}}],"collection":[{"href":"https:\/\/www.europesays.com\/fr\/wp-json\/wp\/v2\/posts"}],"about":[{"href":"https:\/\/www.europesays.com\/fr\/wp-json\/wp\/v2\/types\/post"}],"author":[{"embeddable":true,"href":"https:\/\/www.europesays.com\/fr\/wp-json\/wp\/v2\/users\/2"}],"replies":[{"embeddable":true,"href":"https:\/\/www.europesays.com\/fr\/wp-json\/wp\/v2\/comments?post=524731"}],"version-history":[{"count":0,"href":"https:\/\/www.europesays.com\/fr\/wp-json\/wp\/v2\/posts\/524731\/revisions"}],"wp:featuredmedia":[{"embeddable":true,"href":"https:\/\/www.europesays.com\/fr\/wp-json\/wp\/v2\/media\/524732"}],"wp:attachment":[{"href":"https:\/\/www.europesays.com\/fr\/wp-json\/wp\/v2\/media?parent=524731"}],"wp:term":[{"taxonomy":"category","embeddable":true,"href":"https:\/\/www.europesays.com\/fr\/wp-json\/wp\/v2\/categories?post=524731"},{"taxonomy":"post_tag","embeddable":true,"href":"https:\/\/www.europesays.com\/fr\/wp-json\/wp\/v2\/tags?post=524731"}],"curies":[{"name":"wp","href":"https:\/\/api.w.org\/{rel}","templated":true}]}}