{"id":524737,"date":"2025-11-10T11:02:16","date_gmt":"2025-11-10T11:02:16","guid":{"rendered":"https:\/\/www.europesays.com\/fr\/524737\/"},"modified":"2025-11-10T11:02:16","modified_gmt":"2025-11-10T11:02:16","slug":"letat-redeploie-pres-de-300-millions-deuros-pour-la-transition-energetique-dans-la-vallee-du-rhone","status":"publish","type":"post","link":"https:\/\/www.europesays.com\/fr\/524737\/","title":{"rendered":"l\u2019\u00c9tat red\u00e9ploie pr\u00e8s de 300 millions d\u2019euros pour la transition \u00e9nerg\u00e9tique dans la vall\u00e9e du Rh\u00f4ne"},"content":{"rendered":"<p itemprop=\"description\"><strong>L\u2019\u00c9tat a annonc\u00e9 la poursuite du projet Rh\u00f4nergia, le barrage abandonn\u00e9 entre Saint-Romain-de-Jalionas (Is\u00e8re) et Loyettes (Ain), sous une forme r\u00e9vis\u00e9e.<\/strong><\/p>\n<p>Les cr\u00e9dits initialement pr\u00e9vus seront r\u00e9affect\u00e9s \u00e0 des projets d\u2019\u00e9nergie renouvelable, de logistique d\u00e9carbon\u00e9e et de gestion durable de l\u2019eau dans la vall\u00e9e du Rh\u00f4ne.<\/p>\n<p>Au total, jusqu\u2019\u00e0 297,5 millions d\u2019euros seront mobilis\u00e9s pour financer des projets concrets et r\u00e9alisables avant 2041, date d\u2019\u00e9ch\u00e9ance de la concession du Rh\u00f4ne.<\/p>\n<p>La programmation propos\u00e9e repose sur trois axes principaux :<\/p>\n<p>\u00a0 \u00a0 \u2022 \u00a0 \u00a0249,5 millions d\u2019euros seront consacr\u00e9s \u00e0 des projets \u00e9nerg\u00e9tiques, visant \u00e0 renforcer la puissance et la flexibilit\u00e9 du r\u00e9seau \u00e9lectrique. Plusieurs \u00e9tudes seront lanc\u00e9es dans les 18 mois pour \u00e9valuer la cr\u00e9ation de nouvelles capacit\u00e9s hydro\u00e9lectriques \u00e0 G\u00e9nissiat, la rehausse du niveau du barrage, le d\u00e9veloppement de petites stations de transfert d\u2019\u00e9nergie par pompage (STEP) et l\u2019installation de batteries hybrid\u00e9es \u00e0 certaines centrales du Rh\u00f4ne.<\/p>\n<p>\u00a0 \u00a0 \u2022 \u00a0 \u00a015 millions d\u2019euros financeront un projet de report modal fer\/fleuve \u00e0 Loire-sur-Rh\u00f4ne, destin\u00e9 \u00e0 renforcer les connexions entre le port et le r\u00e9seau ferr\u00e9 national, afin d\u2019encourager le transport massifi\u00e9 de marchandises et r\u00e9duire le trafic routier.<\/p>\n<p>\u00a0 \u00a0 \u2022 \u00a0 \u00a0Enfin, 33 millions d\u2019euros soutiendront divers projets de territoire : hydraulique agricole respectueuse de la ressource en eau, actions en faveur du report modal vers le fluvial, op\u00e9rations fonci\u00e8res pour la r\u00e9industrialisation et la logistique d\u00e9carbon\u00e9e autour du fleuve.<\/p>\n<p>Ces priorit\u00e9s traduisent, selon la pr\u00e9fecture, une vision globale du Rh\u00f4ne comme axe strat\u00e9gique pour la production d\u2019\u00e9nergie renouvelable et la transition \u00e9cologique.<\/p>\n<p>Une mise en \u0153uvre d\u00e8s 2026<\/p>\n<p>Les premi\u00e8res r\u00e9alisations issues de ce red\u00e9ploiement sont attendues \u00e0 partir de 2026, avec des retomb\u00e9es concr\u00e8tes \u00e0 l\u2019horizon 2030.<\/p>\n","protected":false},"excerpt":{"rendered":"L\u2019\u00c9tat a annonc\u00e9 la poursuite du projet Rh\u00f4nergia, le barrage abandonn\u00e9 entre Saint-Romain-de-Jalionas (Is\u00e8re) et Loyettes (Ain), sous&hellip;\n","protected":false},"author":2,"featured_media":524738,"comment_status":"","ping_status":"","sticky":false,"template":"","format":"standard","meta":{"footnotes":""},"categories":[1889],"tags":[1111,11,2813,2190,2430,1109,251,1112,2811,1777,674,118,1011,27,1922,1110,1114,2428,2810,12,241,316,25,2812,517,800],"class_list":{"0":"post-524737","1":"post","2":"type-post","3":"status-publish","4":"format-standard","5":"has-post-thumbnail","7":"category-lyon","8":"tag-actu","9":"tag-actualites","10":"tag-article","11":"tag-asvel","12":"tag-auvergne-rhone-alpes","13":"tag-breves","14":"tag-culture","15":"tag-depeches","16":"tag-economique","17":"tag-eu","18":"tag-europe","19":"tag-faits-divers","20":"tag-fr","21":"tag-france","22":"tag-info","23":"tag-informations","24":"tag-infos","25":"tag-lyon","26":"tag-lyonmag","27":"tag-news","28":"tag-ol","29":"tag-politique","30":"tag-republique-francaise","31":"tag-sociale","32":"tag-sport","33":"tag-transports"},"share_on_mastodon":{"url":"https:\/\/pubeurope.com\/@fr\/115525068080377156","error":""},"_links":{"self":[{"href":"https:\/\/www.europesays.com\/fr\/wp-json\/wp\/v2\/posts\/524737","targetHints":{"allow":["GET"]}}],"collection":[{"href":"https:\/\/www.europesays.com\/fr\/wp-json\/wp\/v2\/posts"}],"about":[{"href":"https:\/\/www.europesays.com\/fr\/wp-json\/wp\/v2\/types\/post"}],"author":[{"embeddable":true,"href":"https:\/\/www.europesays.com\/fr\/wp-json\/wp\/v2\/users\/2"}],"replies":[{"embeddable":true,"href":"https:\/\/www.europesays.com\/fr\/wp-json\/wp\/v2\/comments?post=524737"}],"version-history":[{"count":0,"href":"https:\/\/www.europesays.com\/fr\/wp-json\/wp\/v2\/posts\/524737\/revisions"}],"wp:featuredmedia":[{"embeddable":true,"href":"https:\/\/www.europesays.com\/fr\/wp-json\/wp\/v2\/media\/524738"}],"wp:attachment":[{"href":"https:\/\/www.europesays.com\/fr\/wp-json\/wp\/v2\/media?parent=524737"}],"wp:term":[{"taxonomy":"category","embeddable":true,"href":"https:\/\/www.europesays.com\/fr\/wp-json\/wp\/v2\/categories?post=524737"},{"taxonomy":"post_tag","embeddable":true,"href":"https:\/\/www.europesays.com\/fr\/wp-json\/wp\/v2\/tags?post=524737"}],"curies":[{"name":"wp","href":"https:\/\/api.w.org\/{rel}","templated":true}]}}