{"id":52474,"date":"2025-04-25T19:14:08","date_gmt":"2025-04-25T19:14:08","guid":{"rendered":"https:\/\/www.europesays.com\/fr\/52474\/"},"modified":"2025-04-25T19:14:08","modified_gmt":"2025-04-25T19:14:08","slug":"atp-madrid-djokovic-en-remet-une-couche-sur-alcaraz-ce-quil-a-fait-ce-nest-pas-normal-federer-nadal-et-moi-navions-pas-fait-ca","status":"publish","type":"post","link":"https:\/\/www.europesays.com\/fr\/52474\/","title":{"rendered":"ATP &#8211; Madrid > Djokovic en remet une couche sur Alcaraz : \u00ab\u00a0Ce qu&rsquo;il a fait, ce n&rsquo;est pas normal. Federer, Nadal et moi n&rsquo;avions pas fait \u00e7a\u00a0\u00bb"},"content":{"rendered":"<p><a href=\"https:\/\/www.welovetennis.fr\/atp\/novak-djokovic-tres-cash-sur-carlos-alcaraz-non-je-ne-comprends-pas-que-voulez-vous-de-plus\" data-wpel-link=\"internal\" target=\"_blank\" rel=\"noopener\">Apr\u00e8s avoir d\u00e9j\u00e0 soutenu Carlos Alcaraz il y a quelques jours<\/a>, Novak Djokovic a profit\u00e9 de sa conf\u00e9\u00adrence de presse d\u2019avant\u2010tournoi \u00e0 Madrid pour encenser l\u2019Espagnol, dont les accom\u00adplis\u00adse\u00adments \u00e0 21 ans sont selon lui uniques.\u00a0<\/p>\n<p><strong>\u00ab\u202fAvec ses r\u00e9sul\u00adtats, \u00e0 son \u00e2ge, on peut m\u00eame dire qu\u2019il a fait plus que nous trois. Il a toute sa carri\u00e8re devant lui et beau\u00adcoup de temps mais il a tout ce qu\u2019il faut pour faire l\u2019his\u00adtoire. On a eu des domi\u00adna\u00adtions oui.\u00a0Bien s\u00fbr, Rafa sur terre, Roger sur gazon ou moi sur dur o\u00f9 j\u2019ai tout gagn\u00e9 pendant trois ou quatre ans de suite. Mais tout ceci est arriv\u00e9, en tout cas pour moi, quand j\u2019avais 23 ou 24 ans. En fait, on peut dire que j\u2019ai r\u00e9ussi \u00e0 dominer de mes 23 \u00e0 33 ans. Mais Carlos, il n\u2019a m\u00eame pas encore 23 ans. Il faut se souvenir de son \u00e2ge. Ce qu\u2019il a fait, \u00e0 son \u00e2ge, ce n\u2019est pas normal. Donc, je suis s\u00fbr qu\u2019on va le voir sur les plus grandes sc\u00e8nes avec beau\u00adcoup de troph\u00e9es dans les 10 ou 15 prochaines ann\u00e9es, aussi long\u00adtemps qu\u2019il jouera\u202f\u00bb.<\/strong><\/p>\n<p>A noter que le Serbe affron\u00adtera Matteo Arnaldi pour son entr\u00e9e en lice au deuxi\u00e8me tour dans la capi\u00adtale espagnole.\u00a0<\/p>\n<p class=\"post-published-date\" style=\"color: silver; font-size: 75%; text-align: left;\">Publi\u00e9 le vendredi 25 avril 2025 \u00e0 19:52<\/p>\n","protected":false},"excerpt":{"rendered":"Apr\u00e8s avoir d\u00e9j\u00e0 soutenu Carlos Alcaraz il y a quelques jours, Novak Djokovic a profit\u00e9 de sa conf\u00e9\u00adrence&hellip;\n","protected":false},"author":2,"featured_media":52475,"comment_status":"","ping_status":"","sticky":false,"template":"","format":"standard","meta":{"footnotes":""},"categories":[1415],"tags":[1744,105,2199,1011,27,1960,60,1467],"class_list":{"0":"post-52474","1":"post","2":"type-post","3":"status-publish","4":"format-standard","5":"has-post-thumbnail","7":"category-tennis","8":"tag-alcaraz","9":"tag-djokovic","10":"tag-federer","11":"tag-fr","12":"tag-france","13":"tag-nadal","14":"tag-sports","15":"tag-tennis"},"share_on_mastodon":{"url":"https:\/\/pubeurope.com\/@fr\/114400202803118882","error":""},"_links":{"self":[{"href":"https:\/\/www.europesays.com\/fr\/wp-json\/wp\/v2\/posts\/52474","targetHints":{"allow":["GET"]}}],"collection":[{"href":"https:\/\/www.europesays.com\/fr\/wp-json\/wp\/v2\/posts"}],"about":[{"href":"https:\/\/www.europesays.com\/fr\/wp-json\/wp\/v2\/types\/post"}],"author":[{"embeddable":true,"href":"https:\/\/www.europesays.com\/fr\/wp-json\/wp\/v2\/users\/2"}],"replies":[{"embeddable":true,"href":"https:\/\/www.europesays.com\/fr\/wp-json\/wp\/v2\/comments?post=52474"}],"version-history":[{"count":0,"href":"https:\/\/www.europesays.com\/fr\/wp-json\/wp\/v2\/posts\/52474\/revisions"}],"wp:featuredmedia":[{"embeddable":true,"href":"https:\/\/www.europesays.com\/fr\/wp-json\/wp\/v2\/media\/52475"}],"wp:attachment":[{"href":"https:\/\/www.europesays.com\/fr\/wp-json\/wp\/v2\/media?parent=52474"}],"wp:term":[{"taxonomy":"category","embeddable":true,"href":"https:\/\/www.europesays.com\/fr\/wp-json\/wp\/v2\/categories?post=52474"},{"taxonomy":"post_tag","embeddable":true,"href":"https:\/\/www.europesays.com\/fr\/wp-json\/wp\/v2\/tags?post=52474"}],"curies":[{"name":"wp","href":"https:\/\/api.w.org\/{rel}","templated":true}]}}