{"id":524741,"date":"2025-11-10T11:05:17","date_gmt":"2025-11-10T11:05:17","guid":{"rendered":"https:\/\/www.europesays.com\/fr\/524741\/"},"modified":"2025-11-10T11:05:17","modified_gmt":"2025-11-10T11:05:17","slug":"la-poste-recrute-44-facteurs-en-alternance-en-ile-de-france","status":"publish","type":"post","link":"https:\/\/www.europesays.com\/fr\/524741\/","title":{"rendered":"La Poste recrute 44 facteurs en alternance en \u00cele-de-France"},"content":{"rendered":"<p><img loading=\"lazy\" decoding=\"async\" alt=\"\u00a9 AP\/AntoninAlbert - Pour sa rentr\u00e9e de janvier 2026, La Poste ouvre 44 postes en alternance pour devenir facteur ou factrice, avec un dipl\u00f4me \u00e0 la cl\u00e9 et un emploi \u00e0 la sortie.\" data-zoom-src=\"https:\/\/www.europesays.com\/fr\/wp-content\/uploads\/2025\/11\/initial-la-poste.jpg\" data-zoomable=\"\" height=\"702\" src=\"https:\/\/www.europesays.com\/fr\/wp-content\/uploads\/2025\/11\/initial-la-poste.jpg\" width=\"1248\"\/>  <\/p>\n<p class=\"article-desc\">\u00a9 AP\/AntoninAlbert &#8211; Pour sa rentr\u00e9e de janvier 2026, La Poste ouvre 44 postes en alternance pour devenir facteur ou factrice, avec un dipl\u00f4me \u00e0 la cl\u00e9 et un emploi \u00e0 la sortie. <\/p>\n<p><a href=\"https:\/\/mesinfos.fr\/ile-de-france\/la-poste-recrute-60-facteurs-et-factrices-en-alternance-en-ile-de-france-205736.html\" rel=\"noopener\" target=\"_blank\">La Poste<\/a> lance une nouvelle<strong> campagne de recrutement<\/strong> pour ses \u00e9tablissements courrier d\u2019\u00cele-de-France. \u00c0 partir du 26 janvier 2026, <strong>44 postes<\/strong> sont propos\u00e9s en <a href=\"https:\/\/mesinfos.fr\/93100-montreuil\/fete-des-metiers-et-de-l-alternance-le-medef-idf-veut-lever-les-freins-a-l-emploi-222689.html\" rel=\"noopener\" target=\"_blank\">alternance<\/a> : 16 \u00e0<strong> Paris<\/strong>, 7 en <strong>Seine-et-Marne<\/strong>, 11 en <strong>Seine-Saint-Denis <\/strong>et 10 dans le <strong>Val-d\u2019Oise<\/strong>. Au total, <strong>174 alternants<\/strong> seront form\u00e9s sur l\u2019ensemble de la r\u00e9gion au cours de l\u2019ann\u00e9e. L\u2019objectif : former les futurs professionnels de la distribution et du service de proximit\u00e9. <\/p>\n<p>Cette formation de sept mois permet d\u2019obtenir un<strong> Titre professionnel de Conducteur Livreur sur V\u00e9hicule Utilitaire L\u00e9ger <\/strong>\u2013 Facteur, un dipl\u00f4me reconnu par l\u2019\u00c9tat. Le dispositif alterne cours th\u00e9oriques dispens\u00e9s par le <strong>CFA partenaire Formaposte <\/strong>et pratique sur le terrain, dans un \u00e9tablissement courrier. Les inscriptions sont ouvertes jusqu\u2019au 27 novembre 2025.<\/p>\n<p>  Un tremplin vers l\u2019emploi <\/p>\n<p>Accessible d\u00e8s le niveau 3\u1d49, sans limite d\u2019\u00e2ge mais avec le permis B obligatoire, cette alternance offre de r\u00e9elles perspectives d\u2019embauche \u00e0 l\u2019issue du parcours. Les <strong>alternants<\/strong> b\u00e9n\u00e9ficient d\u2019un accompagnement personnalis\u00e9 par un tuteur, d\u2019une <strong>mutuelle d\u2019entreprise<\/strong>, d\u2019un <strong>r\u00e9gime de pr\u00e9voyance collectif <\/strong>et d\u2019une offre sociale compl\u00e8te (vacances, loisirs, logement). <\/p>\n<p>La <strong>r\u00e9mun\u00e9ration varie entre 1 063 \u20ac et 1 800 \u20ac brut par mois<\/strong>, selon l\u2019\u00e2ge et le type de contrat. Un atout non n\u00e9gligeable pour une premi\u00e8re exp\u00e9rience dans un grand groupe, souvent synonyme de stabilit\u00e9 professionnelle. Pour ceux qui manqueront la premi\u00e8re rentr\u00e9e, <a href=\"https:\/\/mesinfos.fr\/92100-boulogne-billancourt\/synergie-s-allie-a-la-poste-pour-ses-missions-d-interim-229879.html\" rel=\"noopener\" target=\"_blank\">La Poste<\/a> pr\u00e9voit quatre autres sessions en 2026, avec des opportunit\u00e9s sur tous les d\u00e9partements franciliens.\u00a0<\/p>\n","protected":false},"excerpt":{"rendered":"\u00a9 AP\/AntoninAlbert &#8211; Pour sa rentr\u00e9e de janvier 2026, La Poste ouvre 44 postes en alternance pour devenir&hellip;\n","protected":false},"author":2,"featured_media":524742,"comment_status":"","ping_status":"","sticky":false,"template":"","format":"standard","meta":{"footnotes":""},"categories":[1592],"tags":[1111,11,1777,674,1011,27,662,3316,12,626,7099,25],"class_list":{"0":"post-524741","1":"post","2":"type-post","3":"status-publish","4":"format-standard","5":"has-post-thumbnail","7":"category-ile-de-france","8":"tag-actu","9":"tag-actualites","10":"tag-eu","11":"tag-europe","12":"tag-fr","13":"tag-france","14":"tag-ile-de-france","15":"tag-la-poste","16":"tag-news","17":"tag-paris","18":"tag-recrutement","19":"tag-republique-francaise"},"share_on_mastodon":{"url":"https:\/\/pubeurope.com\/@fr\/115525080634168125","error":""},"_links":{"self":[{"href":"https:\/\/www.europesays.com\/fr\/wp-json\/wp\/v2\/posts\/524741","targetHints":{"allow":["GET"]}}],"collection":[{"href":"https:\/\/www.europesays.com\/fr\/wp-json\/wp\/v2\/posts"}],"about":[{"href":"https:\/\/www.europesays.com\/fr\/wp-json\/wp\/v2\/types\/post"}],"author":[{"embeddable":true,"href":"https:\/\/www.europesays.com\/fr\/wp-json\/wp\/v2\/users\/2"}],"replies":[{"embeddable":true,"href":"https:\/\/www.europesays.com\/fr\/wp-json\/wp\/v2\/comments?post=524741"}],"version-history":[{"count":0,"href":"https:\/\/www.europesays.com\/fr\/wp-json\/wp\/v2\/posts\/524741\/revisions"}],"wp:featuredmedia":[{"embeddable":true,"href":"https:\/\/www.europesays.com\/fr\/wp-json\/wp\/v2\/media\/524742"}],"wp:attachment":[{"href":"https:\/\/www.europesays.com\/fr\/wp-json\/wp\/v2\/media?parent=524741"}],"wp:term":[{"taxonomy":"category","embeddable":true,"href":"https:\/\/www.europesays.com\/fr\/wp-json\/wp\/v2\/categories?post=524741"},{"taxonomy":"post_tag","embeddable":true,"href":"https:\/\/www.europesays.com\/fr\/wp-json\/wp\/v2\/tags?post=524741"}],"curies":[{"name":"wp","href":"https:\/\/api.w.org\/{rel}","templated":true}]}}