{"id":524747,"date":"2025-11-10T11:08:09","date_gmt":"2025-11-10T11:08:09","guid":{"rendered":"https:\/\/www.europesays.com\/fr\/524747\/"},"modified":"2025-11-10T11:08:09","modified_gmt":"2025-11-10T11:08:09","slug":"paris-un-homme-arme-dun-couteau-sen-prend-a-deux-passants-dans-le-viiie-arrondissement","status":"publish","type":"post","link":"https:\/\/www.europesays.com\/fr\/524747\/","title":{"rendered":"Paris\u00a0: un homme arm\u00e9 d\u2019un couteau s\u2019en prend \u00e0 deux passants dans le VIIIe\u00a0arrondissement"},"content":{"rendered":"<p class=\"paragraph text_align_left lp-f-body-02\">La paisible soir\u00e9e de dimanche a bien failli tourner au drame <a href=\"https:\/\/www.leparisien.fr\/paris-75\/paris-75008\/\" target=\"_self\" rel=\"nofollow noopener\">dans le VIIIe arrondissement<\/a> de <a href=\"https:\/\/www.leparisien.fr\/paris-75\/\" target=\"_self\" rel=\"nofollow noopener\">Paris<\/a>. Ce 9 novembre, un homme muni d\u2019un couteau a violemment agress\u00e9 deux passants.<\/p>\n<p class=\"paragraph text_align_left lp-f-body-02\">Selon une source polici\u00e8re, l\u2019individu a commenc\u00e9 sa s\u00e9rie d\u2019agressions rue Fran\u00e7ois 1er. Sans aucune provocation apparente ni menace pr\u00e9alable, il a port\u00e9 un coup de couteau au visage d\u2019un pi\u00e9ton avant de poursuivre son chemin. Alert\u00e9s par un appel au 17, des policiers en patrouille dans le secteur rep\u00e8rent rapidement le suspect.<\/p>\n<p class=\"paragraph text_align_left lp-f-body-02\">\u00c0 la vue des forces de l\u2019ordre, l\u2019agresseur prend la fuite. Durant sa cavale, il n\u2019h\u00e9site pas \u00e0 frapper une seconde fois, blessant un autre pi\u00e9ton avec son couteau avant de continuer sa progression. Lorsqu\u2019un policier en civil en mission de s\u00e9curisation tente de l\u2019interpeller, le mis en cause tente de le poignarder \u00e0 plusieurs reprises.<\/p>\n<p>L\u2019homme connu pour des faits de violence<\/p>\n<p class=\"paragraph text_align_left lp-f-body-02\">La course de folle de l\u2019homme, \u00e2g\u00e9 de 31 ans, se terminera avenue Edward-Tuck, toujours dans le VIIIe, par la BAC. Le mis en cause, d\u00e9j\u00e0 connu pour des faits de violences d\u2019apr\u00e8s le parquet de Paris, est imm\u00e9diatement plac\u00e9 en garde \u00e0 vue. Notre source polici\u00e8re indique \u00e9galement qu\u2019un couteau d\u2019une lame d\u2019environ 15 \u00e0 20 cm a \u00e9t\u00e9 retrouv\u00e9 sur l\u2019auteur.<\/p>\n<p class=\"paragraph text_align_left lp-f-body-02\">Une enqu\u00eate de flagrance a \u00e9t\u00e9 ouverte par le minist\u00e8re public des chefs de tentative de meurtre et de tentative de meurtre sur personne d\u00e9positaire de l\u2019autorit\u00e9 publique. Confi\u00e9e au premier district de police judiciaire elle doit permettre de \u00ab comprendre les motifs du passage \u00e0 l\u2019acte \u00bb du mis en cause, continue le parquet. Ce dernier indique que le pronostic vital des victimes n\u2019a pas \u00e9t\u00e9 engag\u00e9 et qu\u2019elles ont pu quitter l\u2019h\u00f4pital.<\/p>\n","protected":false},"excerpt":{"rendered":"La paisible soir\u00e9e de dimanche a bien failli tourner au drame dans le VIIIe arrondissement de Paris. Ce&hellip;\n","protected":false},"author":2,"featured_media":524748,"comment_status":"","ping_status":"","sticky":false,"template":"","format":"standard","meta":{"footnotes":""},"categories":[1888],"tags":[11,1777,674,118,1011,27,1944,12,626,25],"class_list":{"0":"post-524747","1":"post","2":"type-post","3":"status-publish","4":"format-standard","5":"has-post-thumbnail","7":"category-paris","8":"tag-actualites","9":"tag-eu","10":"tag-europe","11":"tag-faits-divers","12":"tag-fr","13":"tag-france","14":"tag-ma-ville","15":"tag-news","16":"tag-paris","17":"tag-republique-francaise"},"share_on_mastodon":{"url":"https:\/\/pubeurope.com\/@fr\/115525091643104982","error":""},"_links":{"self":[{"href":"https:\/\/www.europesays.com\/fr\/wp-json\/wp\/v2\/posts\/524747","targetHints":{"allow":["GET"]}}],"collection":[{"href":"https:\/\/www.europesays.com\/fr\/wp-json\/wp\/v2\/posts"}],"about":[{"href":"https:\/\/www.europesays.com\/fr\/wp-json\/wp\/v2\/types\/post"}],"author":[{"embeddable":true,"href":"https:\/\/www.europesays.com\/fr\/wp-json\/wp\/v2\/users\/2"}],"replies":[{"embeddable":true,"href":"https:\/\/www.europesays.com\/fr\/wp-json\/wp\/v2\/comments?post=524747"}],"version-history":[{"count":0,"href":"https:\/\/www.europesays.com\/fr\/wp-json\/wp\/v2\/posts\/524747\/revisions"}],"wp:featuredmedia":[{"embeddable":true,"href":"https:\/\/www.europesays.com\/fr\/wp-json\/wp\/v2\/media\/524748"}],"wp:attachment":[{"href":"https:\/\/www.europesays.com\/fr\/wp-json\/wp\/v2\/media?parent=524747"}],"wp:term":[{"taxonomy":"category","embeddable":true,"href":"https:\/\/www.europesays.com\/fr\/wp-json\/wp\/v2\/categories?post=524747"},{"taxonomy":"post_tag","embeddable":true,"href":"https:\/\/www.europesays.com\/fr\/wp-json\/wp\/v2\/tags?post=524747"}],"curies":[{"name":"wp","href":"https:\/\/api.w.org\/{rel}","templated":true}]}}