{"id":524755,"date":"2025-11-10T11:12:10","date_gmt":"2025-11-10T11:12:10","guid":{"rendered":"https:\/\/www.europesays.com\/fr\/524755\/"},"modified":"2025-11-10T11:12:10","modified_gmt":"2025-11-10T11:12:10","slug":"etats-unis-donald-trump-gracie-rudy-giuliani","status":"publish","type":"post","link":"https:\/\/www.europesays.com\/fr\/524755\/","title":{"rendered":"\u00c9tats-Unis: Donald Trump gracie Rudy Giuliani"},"content":{"rendered":"<p>Publi\u00e910. novembre 2025, 12:09<\/p>\n<p>\u00c9tats-Unis: Donald Trump gracie Rudy Giuliani<\/p>\n<p>Les 77 personnes qui avaient tent\u00e9 de fausser les r\u00e9sultats de l&rsquo;\u00e9lection de 2020 ont obtenu une gr\u00e2ce symbolique.<\/p>\n<p><img loading=\"lazy\" decoding=\"async\" src=\"https:\/\/www.europesays.com\/fr\/wp-content\/uploads\/2025\/11\/0566a48d-950d-4167-a042-ca50224ba1db.jpg\" alt=\"Sans surprise, Donald Trump a graci\u00e9 Remy Giuliani qui avait tent\u00e9 de lui faire gagner la pr\u00e9sidentielle de 2020.\" title=\"Sans surprise, Donald Trump a graci\u00e9 Remy Giuliani qui avait tent\u00e9 de lui faire gagner la pr\u00e9sidentielle de 2020.\"  width=\"1200\" height=\"800\"\/><\/p>\n<p>Sans surprise, Donald Trump a graci\u00e9 Remy Giuliani qui avait tent\u00e9 de lui faire gagner la pr\u00e9sidentielle de 2020.<\/p>\n<p>Getty Images via AFP<\/p>\n<p>Le pr\u00e9sident am\u00e9ricain Donald Trump a graci\u00e9 77 personnes impliqu\u00e9es dans la tentative d\u2019inverser les r\u00e9sultats du scrutin pr\u00e9sidentiel de 2020, dont son ancien avocat et ancien maire de New York Rudy Giuliani, selon le haut fonctionnaire charg\u00e9 d\u2019orchestrer les gr\u00e2ces pr\u00e9sidentielles, Ed Martin.<\/p>\n<p>\u00abUne grave injustice\u00bb<\/p>\n<p>\u00abCette proclamation met fin \u00e0 une grave injustice nationale perp\u00e9tr\u00e9e contre le peuple am\u00e9ricain apr\u00e8s l\u2019\u00e9lection pr\u00e9sidentielle de 2020 et poursuit le processus de r\u00e9conciliation nationale\u00bb, affirme un texte dat\u00e9 de vendredi et mis en ligne sur X dans la nuit de dimanche \u00e0 lundi par Ed Martin.<\/p>\n<p>Parmi les b\u00e9n\u00e9ficiaires de la gr\u00e2ce pr\u00e9sidentielle figurent Rudy Giuliani, mais aussi Mark Meadows, ancien chef de cabinet de la Maison-Blanche en 2020, et John Eastman, un juriste ayant propos\u00e9 des strat\u00e9gies pour emp\u00eacher la certification des r\u00e9sultats de l\u2019\u00e9lection pr\u00e9sidentielle perdue par Donald Trump face \u00e0 Joe Biden.<\/p>\n<p>Parmi les personnes graci\u00e9es se trouvent \u00e9galement Boris Epshteyn, conseiller de longue date de Donald Trump, et Sidney Powell, une avocate conservatrice qui avait lanc\u00e9 des proc\u00e9dures contre les r\u00e9sultats \u00e9lectoraux dans des \u00c9tats cl\u00e9s.<\/p>\n<p>Elles peuvent toujours \u00eatre jug\u00e9es<\/p>\n<p>En plus de son cercle proche, le pr\u00e9sident a graci\u00e9 des dizaines de militants r\u00e9publicains impliqu\u00e9s dans la tentative d\u2019inverser le r\u00e9sultat de l\u2019\u00e9lection pr\u00e9sidentielle de 2020. Il s\u2019agit d\u2019une gr\u00e2ce \u00abcompl\u00e8te, totale et inconditionnelle\u00bb, souligne le texte, qui pr\u00e9cise cependant que \u00abla gr\u00e2ce ne s\u2019applique pas au pr\u00e9sident des \u00c9tats-Unis\u00bb.<\/p>\n<p>Ces gr\u00e2ces sont en grande partie symboliques, aucune des personnes identifi\u00e9es n\u2019\u00e9tant accus\u00e9e de crimes f\u00e9d\u00e9raux, seuls concern\u00e9s par la gr\u00e2ce pr\u00e9sidentielle. Les personnes concern\u00e9es demeurent susceptibles d\u2019\u00eatre jug\u00e9es par les juridictions locales devant lesquelles elles sont poursuivies.<\/p>\n<p>(afp)<\/p>\n","protected":false},"excerpt":{"rendered":"Publi\u00e910. novembre 2025, 12:09 \u00c9tats-Unis: Donald Trump gracie Rudy Giuliani Les 77 personnes qui avaient tent\u00e9 de fausser&hellip;\n","protected":false},"author":2,"featured_media":524756,"comment_status":"","ping_status":"","sticky":false,"template":"","format":"standard","meta":{"footnotes":""},"categories":[1589],"tags":[11,73,1866,12,1864,1865,1863,308],"class_list":{"0":"post-524755","1":"post","2":"type-post","3":"status-publish","4":"format-standard","5":"has-post-thumbnail","7":"category-etats-unis","8":"tag-actualites","9":"tag-etats-unis","10":"tag-etats-unis-damerique","11":"tag-news","12":"tag-united-states","13":"tag-united-states-of-america","14":"tag-us","15":"tag-usa"},"share_on_mastodon":{"url":"https:\/\/pubeurope.com\/@fr\/115525108109450613","error":""},"_links":{"self":[{"href":"https:\/\/www.europesays.com\/fr\/wp-json\/wp\/v2\/posts\/524755","targetHints":{"allow":["GET"]}}],"collection":[{"href":"https:\/\/www.europesays.com\/fr\/wp-json\/wp\/v2\/posts"}],"about":[{"href":"https:\/\/www.europesays.com\/fr\/wp-json\/wp\/v2\/types\/post"}],"author":[{"embeddable":true,"href":"https:\/\/www.europesays.com\/fr\/wp-json\/wp\/v2\/users\/2"}],"replies":[{"embeddable":true,"href":"https:\/\/www.europesays.com\/fr\/wp-json\/wp\/v2\/comments?post=524755"}],"version-history":[{"count":0,"href":"https:\/\/www.europesays.com\/fr\/wp-json\/wp\/v2\/posts\/524755\/revisions"}],"wp:featuredmedia":[{"embeddable":true,"href":"https:\/\/www.europesays.com\/fr\/wp-json\/wp\/v2\/media\/524756"}],"wp:attachment":[{"href":"https:\/\/www.europesays.com\/fr\/wp-json\/wp\/v2\/media?parent=524755"}],"wp:term":[{"taxonomy":"category","embeddable":true,"href":"https:\/\/www.europesays.com\/fr\/wp-json\/wp\/v2\/categories?post=524755"},{"taxonomy":"post_tag","embeddable":true,"href":"https:\/\/www.europesays.com\/fr\/wp-json\/wp\/v2\/tags?post=524755"}],"curies":[{"name":"wp","href":"https:\/\/api.w.org\/{rel}","templated":true}]}}