{"id":524757,"date":"2025-11-10T11:13:07","date_gmt":"2025-11-10T11:13:07","guid":{"rendered":"https:\/\/www.europesays.com\/fr\/524757\/"},"modified":"2025-11-10T11:13:07","modified_gmt":"2025-11-10T11:13:07","slug":"braquage-royal-sur-une-aire-dautoroute-la-folle-histoire-du-vol-des-bijoux-de-camilla","status":"publish","type":"post","link":"https:\/\/www.europesays.com\/fr\/524757\/","title":{"rendered":"Braquage royal sur une aire d\u2019autoroute, la folle histoire du vol des bijoux de Camilla"},"content":{"rendered":"<p>C\u2019est une anecdote rocambolesque m\u00ealant joyaux historiques, bande de voyous et agents du MI5 qui a soigneusement \u00e9t\u00e9 tenue secr\u00e8te pendant plus de trois ans. On doit sa r\u00e9v\u00e9lation au journaliste britannique Robert Jobson, qui le premier raconte cette histoire dans <a target=\"_blank\" href=\"https:\/\/www.simonandschuster.com\/books\/The-Windsor-Legacy\/Robert-Jobson\/9798897100927\" rel=\"nofollow noopener\">The Windsor Legacy<\/a>, son nouvel ouvrage.<\/p>\n<p>La sc\u00e8ne se d\u00e9roule quelque part dans le Buckinghamshire, au printemps 2022. Alors qu\u2019ils roulent sur la M40, autoroute qui traverse l\u2019Angleterre pour relier Londres \u00e0 Oxford et Birmingham, <strong>trois employ\u00e9s de la maison royale au service de <\/strong><a target=\"_blank\" href=\"https:\/\/www.pointdevue.fr\/grand-angle\/biographies\/charles-iii\" rel=\"nofollow noopener\"><strong>Charles<\/strong><\/a><strong> et <\/strong><a target=\"_blank\" href=\"https:\/\/www.pointdevue.fr\/grand-angle\/biographies\/reine-camilla\" rel=\"nofollow noopener\"><strong>Camilla<\/strong><\/a><strong> d\u00e9cident de faire une petite pause<\/strong> sur l\u2019aire situ\u00e9e au niveau du village de Beaconsfield.<\/p>\n<p><img decoding=\"async\" src=\"https:\/\/www.europesays.com\/fr\/wp-content\/uploads\/2025\/11\/ABACA_810090_003waX5KiZDhH.jpg\" alt=\"Charles et Camilla, alors prince de Galles et duchesse de Cornouailles, arrivent au Canda le 17 mai 2022.\"\/><strong>Charles et Camilla, alors prince de Galles et duchesse de Cornouailles, arrivent au Canda le 17 mai 2022.<\/strong> \u00a9 PaulChiasson\/CP\/ABACA<\/p>\n<p>Ces trois hommes convoient des effets personnels du couple royal, qui ne sont encore que le prince de Galles et la duchesse de Cornouailles, en vue de leur <strong>d\u00e9part prochain pour une visite officielle de <\/strong><a target=\"_blank\" href=\"https:\/\/www.pointdevue.fr\/royal\/royaume-uni\/charles-et-camilla-achevent-leur-visite-express-au-canada\" rel=\"nofollow noopener\"><strong>trois jours au Canada<\/strong><\/a>. Apr\u00e8s s\u2019\u00eatre gar\u00e9s sur le parking de la station-service, deux d\u2019entre eux partent prendre un caf\u00e9. Le troisi\u00e8me s\u2019\u00e9loigne bri\u00e8vement pour fumer une cigarette. Mais aucun des trois ne pense \u00e0 verrouiller le v\u00e9hicule&#8230;.<\/p>\n<p>La bo\u00eete a disparu, les bijoux avec<\/p>\n<p>\u00c0 l\u2019int\u00e9rieur de la voiture, une bo\u00eete est \u00e9tiquet\u00e9e \u00ab\u00a0Son Altesse Royale la duchesse de Cornouailles\u00a0\u00bb. Il n\u2019en fallait bien s\u00fbr pas davantage pour attirer l\u2019attention d\u2019une bande de voyous passant justement par l\u00e0&#8230; L&rsquo;opportunit\u00e9 \u00e9tait presque trop belle pour ne pas \u00eatre saisie. Lorsque les trois employ\u00e9s du palais reviennent quelques minutes plus tard, <strong>la bo\u00eete a disparu et les bijoux de Camilla avec<\/strong>.\u00a0<\/p>\n<p>Aussit\u00f4t le <strong>MI5 est pr\u00e9venu, des agents de renseignement missionn\u00e9s<\/strong> pour \u00e9tudier la vid\u00e9osurveillance et d\u2019autres d\u00e9p\u00each\u00e9s sur les lieux en urgence. Une enqu\u00eate tr\u00e8s rondement men\u00e9e\u00a0: en quelques heures seulement les bijoux sont retrouv\u00e9s et restitu\u00e9s \u00e0 Charles et Camilla. Plus fort encore\u00a0: en trois ans, l\u2019affaire n\u2019a jamais fuit\u00e9 \u2013 une prouesse dont on s\u2019\u00e9tonne jusqu\u2019au palais.\u00a0<\/p>\n<p><img decoding=\"async\" src=\"https:\/\/www.europesays.com\/fr\/wp-content\/uploads\/2025\/11\/SIPA_shutterstock40965583_000009u27hR081O8.jpg\" alt=\"Camilla en visite \u00e0 Ottawa, le 18 mai 2022.\"\/><strong>Camilla en visite \u00e0 Ottawa, le 18 mai 2022.<\/strong> \u00a9 Chris Jackson\/Pool\/Shutterstock\/Sipa<\/p>\n<p>Robert Jobson pr\u00e9cise que Charles et son \u00e9pouse ont bien \u00e9t\u00e9 mis au courant \u00e0 l&rsquo;\u00e9poque, mais ils ont pr\u00e9f\u00e9r\u00e9 taire l\u2019incident. <strong>Aucune plainte n\u2019a m\u00eame \u00e9t\u00e9 d\u00e9pos\u00e9e<\/strong>. En ce printemps 2022, rien ne devait venir ternir les c\u00e9l\u00e9brations du <a target=\"_blank\" href=\"https:\/\/www.pointdevue.fr\/grand-angle\/dossiers-de-la-redaction\/dossier-actualites\/jubile-de-platine-delisabeth-ii\" rel=\"nofollow noopener\">jubil\u00e9 de platine d\u2019\u00c9lisabeth II<\/a>.\u00a0<\/p>\n<p>Lire aussi &gt;&gt; <strong>La reine Camilla porte ses bijoux f\u00e9tiches \u00e0 Paris<\/strong><\/p>\n","protected":false},"excerpt":{"rendered":"C\u2019est une anecdote rocambolesque m\u00ealant joyaux historiques, bande de voyous et agents du MI5 qui a soigneusement \u00e9t\u00e9&hellip;\n","protected":false},"author":2,"featured_media":524758,"comment_status":"","ping_status":"","sticky":false,"template":"","format":"standard","meta":{"footnotes":""},"categories":[1588],"tags":[11,1777,674,12,473,1853,1851,1850,1852],"class_list":{"0":"post-524757","1":"post","2":"type-post","3":"status-publish","4":"format-standard","5":"has-post-thumbnail","7":"category-royaume-uni","8":"tag-actualites","9":"tag-eu","10":"tag-europe","11":"tag-news","12":"tag-royaume-uni","13":"tag-royaume-uni-de-grande-bretagne-et-dirlande-du-nord","14":"tag-uk","15":"tag-united-kingdom","16":"tag-united-kingdom-of-great-britain-and-northern-ireland"},"share_on_mastodon":{"url":"https:\/\/pubeurope.com\/@fr\/115525112506836974","error":""},"_links":{"self":[{"href":"https:\/\/www.europesays.com\/fr\/wp-json\/wp\/v2\/posts\/524757","targetHints":{"allow":["GET"]}}],"collection":[{"href":"https:\/\/www.europesays.com\/fr\/wp-json\/wp\/v2\/posts"}],"about":[{"href":"https:\/\/www.europesays.com\/fr\/wp-json\/wp\/v2\/types\/post"}],"author":[{"embeddable":true,"href":"https:\/\/www.europesays.com\/fr\/wp-json\/wp\/v2\/users\/2"}],"replies":[{"embeddable":true,"href":"https:\/\/www.europesays.com\/fr\/wp-json\/wp\/v2\/comments?post=524757"}],"version-history":[{"count":0,"href":"https:\/\/www.europesays.com\/fr\/wp-json\/wp\/v2\/posts\/524757\/revisions"}],"wp:featuredmedia":[{"embeddable":true,"href":"https:\/\/www.europesays.com\/fr\/wp-json\/wp\/v2\/media\/524758"}],"wp:attachment":[{"href":"https:\/\/www.europesays.com\/fr\/wp-json\/wp\/v2\/media?parent=524757"}],"wp:term":[{"taxonomy":"category","embeddable":true,"href":"https:\/\/www.europesays.com\/fr\/wp-json\/wp\/v2\/categories?post=524757"},{"taxonomy":"post_tag","embeddable":true,"href":"https:\/\/www.europesays.com\/fr\/wp-json\/wp\/v2\/tags?post=524757"}],"curies":[{"name":"wp","href":"https:\/\/api.w.org\/{rel}","templated":true}]}}