{"id":524759,"date":"2025-11-10T11:14:11","date_gmt":"2025-11-10T11:14:11","guid":{"rendered":"https:\/\/www.europesays.com\/fr\/524759\/"},"modified":"2025-11-10T11:14:11","modified_gmt":"2025-11-10T11:14:11","slug":"le-proces-de-lassaillant-presume-du-marche-de-noel-a-magdebourg-souvre","status":"publish","type":"post","link":"https:\/\/www.europesays.com\/fr\/524759\/","title":{"rendered":"Le proc\u00e8s de l\u2019assaillant pr\u00e9sum\u00e9 du march\u00e9 de No\u00ebl \u00e0 Magdebourg s\u2019ouvre"},"content":{"rendered":"<p>Il va \u00eatre jug\u00e9 pendant plus de quatre mois dans une immense salle d\u2019audience construite pour l\u2019occasion. Pr\u00e8s de onze mois apr\u00e8s l\u2019attaque \u00e0 la voiture b\u00e9lier sur le march\u00e9 de No\u00ebl de Magdebourg, le proc\u00e8s de l\u2019auteur pr\u00e9sum\u00e9 s\u2019est ouvert ce lundi matin dans cette ville de l\u2019est de l\u2019Allemagne. <a href=\"https:\/\/www.20minutes.fr\/monde\/allemagne\/4130421-20241221-attentat-voiture-belier-allemagne-sait-medecin-saoudien-arrete\" class=\"c-link c-link--is-underlined\" target=\"_blank\" rel=\"noopener\">M\u00e9decin saoudien islamophobe de 51 ans<\/a>, Taleb Jawad al-Abdulmohsen est inculp\u00e9 du meurtre de six personnes et de tentative de meurtre dans 338 cas, dont 309 concernant des bless\u00e9s.<\/p>\n<\/p>\n<p>Le soir du 20\u00a0d\u00e9cembre 2024, ce psychiatre avait fonc\u00e9 au volant d\u2019une puissante voiture dans la foule pr\u00e9sente <a href=\"https:\/\/www.20minutes.fr\/dossier\/marche_de_noel\" class=\"c-link c-link--is-underlined\" target=\"_blank\" rel=\"noopener\">pour le march\u00e9 de No\u00ebl<\/a> de cette ville proche de Berlin. Un gar\u00e7on de neuf ans et cinq femmes \u00e2g\u00e9es de 45 \u00e0 75 ans avaient \u00e9t\u00e9 tu\u00e9s. Selon les enqu\u00eateurs, l\u2019objectif de Taleb Jawad al-Abdulmohsen \u00e9tait de tuer \u00ab\u00a0autant de personnes que possible.\u00a0\u00bb Il aurait agi par \u00ab\u00a0frustration\u00a0\u00bb suite \u00e0 \u00ab\u00a0un litige civil et \u00e0 l\u2019\u00e9chec de diverses plaintes p\u00e9nales\u00a0\u00bb de sa part.<\/p>\n<p>Des failles dans la s\u00e9curit\u00e9 du march\u00e9 de No\u00ebl\u00a0?<\/p>\n<p>Arriv\u00e9 en Allemagne en\u00a02006, il \u00e9tait connu des autorit\u00e9s et avait notamment \u00e9t\u00e9 condamn\u00e9 \u00e0 une amende pour menace de crimes. Sur les r\u00e9seaux sociaux, l\u2019accus\u00e9 multipliait les d\u00e9clarations confuses, hostiles \u00e0 la religion musulmane avec laquelle il avait rompu et empreintes de conspirationnisme d\u2019extr\u00eame droite, notamment quant \u00e0 une \u00ab\u00a0islamisation\u00a0\u00bb de l\u2019Europe.<\/p>\n<p>Cet attentat en pleine p\u00e9riode des f\u00eates <a href=\"https:\/\/www.20minutes.fr\/monde\/allemagne\/4130588-20241223-attaque-magdebourg-passe-suspect-avertissement-ignore-issue-non-gardee-point-critiques\" class=\"c-link c-link--is-underlined\" target=\"_blank\" rel=\"noopener\">avait enflamm\u00e9 le d\u00e9bat autour de l\u2019immigration<\/a> et de la s\u00e9curit\u00e9 durant la campagne des l\u00e9gislatives allemandes de f\u00e9vrier dernier, apr\u00e8s plusieurs attaques au couteau dont certaines commises par des \u00e9trangers.<\/p>\n<p>Le proc\u00e8s, qui doit se tenir jusqu\u2019en mars, se penchera notamment sur les failles dans les mesures de s\u00e9curit\u00e9 autour du march\u00e9 de No\u00ebl, pourtant consid\u00e9rablement renforc\u00e9es en Allemagne <a href=\"https:\/\/www.20minutes.fr\/monde\/1983843-20161220-attentat-berlin-allemagne-cible-revee-terroristes\" class=\"c-link c-link--is-underlined\" target=\"_blank\" rel=\"noopener\">apr\u00e8s l\u2019attentat islamiste de d\u00e9cembre\u00a02016<\/a> \u00e0 Berlin qui avait fait douze morts. Cette ann\u00e9e, quelques villes ont annul\u00e9 cette tradition en raison du co\u00fbt de ces dispositifs.<\/p>\n","protected":false},"excerpt":{"rendered":"Il va \u00eatre jug\u00e9 pendant plus de quatre mois dans une immense salle d\u2019audience construite pour l\u2019occasion. Pr\u00e8s&hellip;\n","protected":false},"author":2,"featured_media":524760,"comment_status":"","ping_status":"","sticky":false,"template":"","format":"standard","meta":{"footnotes":""},"categories":[1587],"tags":[47,11,672,5581,1898,1804,1805,1803,1777,674,1801,6269,36053,74,12,1802],"class_list":{"0":"post-524759","1":"post","2":"type-post","3":"status-publish","4":"format-standard","5":"has-post-thumbnail","7":"category-allemagne","8":"tag-actualite","9":"tag-actualites","10":"tag-allemagne","11":"tag-attentat","12":"tag-berlin","13":"tag-bundesrepublik-deutschland","14":"tag-de","15":"tag-deutschland","16":"tag-eu","17":"tag-europe","18":"tag-germany","19":"tag-islamophobie","20":"tag-marche-de-noel","21":"tag-monde","22":"tag-news","23":"tag-republique-federale-dallemagne"},"share_on_mastodon":{"url":"https:\/\/pubeurope.com\/@fr\/115525115317004535","error":""},"_links":{"self":[{"href":"https:\/\/www.europesays.com\/fr\/wp-json\/wp\/v2\/posts\/524759","targetHints":{"allow":["GET"]}}],"collection":[{"href":"https:\/\/www.europesays.com\/fr\/wp-json\/wp\/v2\/posts"}],"about":[{"href":"https:\/\/www.europesays.com\/fr\/wp-json\/wp\/v2\/types\/post"}],"author":[{"embeddable":true,"href":"https:\/\/www.europesays.com\/fr\/wp-json\/wp\/v2\/users\/2"}],"replies":[{"embeddable":true,"href":"https:\/\/www.europesays.com\/fr\/wp-json\/wp\/v2\/comments?post=524759"}],"version-history":[{"count":0,"href":"https:\/\/www.europesays.com\/fr\/wp-json\/wp\/v2\/posts\/524759\/revisions"}],"wp:featuredmedia":[{"embeddable":true,"href":"https:\/\/www.europesays.com\/fr\/wp-json\/wp\/v2\/media\/524760"}],"wp:attachment":[{"href":"https:\/\/www.europesays.com\/fr\/wp-json\/wp\/v2\/media?parent=524759"}],"wp:term":[{"taxonomy":"category","embeddable":true,"href":"https:\/\/www.europesays.com\/fr\/wp-json\/wp\/v2\/categories?post=524759"},{"taxonomy":"post_tag","embeddable":true,"href":"https:\/\/www.europesays.com\/fr\/wp-json\/wp\/v2\/tags?post=524759"}],"curies":[{"name":"wp","href":"https:\/\/api.w.org\/{rel}","templated":true}]}}