{"id":524761,"date":"2025-11-10T11:15:09","date_gmt":"2025-11-10T11:15:09","guid":{"rendered":"https:\/\/www.europesays.com\/fr\/524761\/"},"modified":"2025-11-10T11:15:09","modified_gmt":"2025-11-10T11:15:09","slug":"ram-rampage-le-pick-up-compact-premium-fait-ses-debuts-en-europe","status":"publish","type":"post","link":"https:\/\/www.europesays.com\/fr\/524761\/","title":{"rendered":"RAM Rampage, le pick-up compact premium fait ses d\u00e9buts en Europe"},"content":{"rendered":"<p>Nous l&rsquo;avions un peu <strong>pr\u00e9vu<\/strong> et les plus passionn\u00e9s l&rsquo;esp\u00e9raient, mais il semble maintenant que le <strong><a href=\"https:\/\/fr.motor1.com\/news\/778137\/officiel-ram-rampage-arrive-europe\/\" data-inline-widget=\"internal-links\" data-type-id=\"0\" data-params=\"%7B%22article_edition_id%22%3A%22778137%22%2C%22section%22%3A%221%22%2C%22alias%22%3A%22officiel-ram-rampage-arrive-europe%22%7D\" target=\"_blank\" rel=\"noopener\">Ram Rampage<\/a><\/strong> pourrait vraiment arriver en Europe.\u00a0Nous parlons d&rsquo;un mod\u00e8le \u00e0 carrosserie autoportante qui se positionne parmi les <strong>pick-up compacts<\/strong>. Un segment assez in\u00e9dit chez nous, mais tr\u00e8s r\u00e9pandu outre-Atlantique, surtout en Am\u00e9rique du Sud avec des mod\u00e8les comme la <strong>Fiat Strada<\/strong> ou <strong>Toro<\/strong>, <strong><a href=\"https:\/\/fr.motor1.com\/news\/734234\/renault-pick-up-argentine-niagara\/\" data-inline-widget=\"internal-links\" data-type-id=\"0\" data-params=\"%7B%22article_edition_id%22%3A%22734234%22%2C%22section%22%3A%221%22%2C%22alias%22%3A%22renault-pick-up-argentine-niagara%22%7D\" target=\"_blank\" rel=\"noopener\">Renault Duster Oroch<\/a><\/strong>, mais aussi comme le <a href=\"https:\/\/fr.motor1.com\/news\/723944\/honda-plus-americain-ford-chevrolet\/\" data-inline-widget=\"internal-links\" data-type-id=\"0\" data-params=\"%7B%22article_edition_id%22%3A%22723944%22%2C%22section%22%3A%221%22%2C%22alias%22%3A%22honda-plus-americain-ford-chevrolet%22%7D\" target=\"_blank\" rel=\"noopener\"><strong>Honda Ridgeline<\/strong><\/a>, <a href=\"https:\/\/fr.motor1.com\/news\/314819\/2021-hyundai-santa-cruz-render\/\" data-inline-widget=\"internal-links\" data-type-id=\"0\" data-params=\"%7B%22article_edition_id%22%3A%22314819%22%2C%22section%22%3A%221%22%2C%22alias%22%3A%222021-hyundai-santa-cruz-render%22%7D\" target=\"_blank\" rel=\"noopener\"><strong>Hyundai Santa Cruz<\/strong><\/a> ou <a href=\"https:\/\/fr.motor1.com\/news\/723944\/honda-plus-americain-ford-chevrolet\/\" data-inline-widget=\"internal-links\" data-type-id=\"0\" data-params=\"%7B%22article_edition_id%22%3A%22723944%22%2C%22section%22%3A%221%22%2C%22alias%22%3A%22honda-plus-americain-ford-chevrolet%22%7D\" target=\"_blank\" rel=\"noopener\"><strong>Ford Maverick<\/strong><\/a>.<\/p>\n<p>Le projet de <strong>Stellantis<\/strong> pr\u00e9voit d&rsquo;explorer, en Europe, \u00e9galement ce secteur et le fait \u00e0 travers un produit qui mise sur la maniabilit\u00e9 quotidienne, sans renoncer \u00e0 la capacit\u00e9 de charge. Le Rampage est\u00a0un pick-up compact, premium, lifestyle<strong>\u00a0<\/strong>destin\u00e9 \u00e0 une client\u00e8le europ\u00e9enne qui exige polyvalence, confort et style, capable d&rsquo;unir \u00e2me am\u00e9ricaine et <strong>sensibilit\u00e9 europ\u00e9enne<\/strong>.<\/p>\n<p>Deux versions, deux \u00e2mes<\/p>\n<p>Dans le pur <strong>style am\u00e9ricain<\/strong>, le Rampage arrive en deux variantes distinctes. Le <strong>Rebel<\/strong>, con\u00e7u pour le tout-terrain, est \u00e9quip\u00e9 du moteur 2.2 Multijet Turbo Diesel de 200 CV et 450 Nm, associ\u00e9 \u00e0 la transmission int\u00e9grale et \u00e0 des pneus All-Terrain Pirelli Seal Inside. Le <strong>R\/T<\/strong> (qui signifie Road et Track), quant \u00e0 lui, incarne l&rsquo;esprit sportif de la marque gr\u00e2ce au <strong>2.0 Hurricane 4 Turbo Essence de 272 CV et 400 Nm<\/strong>, avec un ch\u00e2ssis abaiss\u00e9 de 10 mm, des jantes de 19 pouces et des d\u00e9tails noirs brillants.<\/p>\n<p>        <img decoding=\"async\" src=\"https:\/\/www.europesays.com\/fr\/wp-content\/uploads\/2025\/04\/16x9-tr.png\" alt=\"Ram Rampage 2026 - Rebelle\" width=\"16\" height=\"9\" loading=\"lazy\"\/><\/p>\n<p>Ram Rampage 2026 &#8211; Rebelle<\/p>\n<p>Photo : Ram<\/p>\n<p>Les deux partagent la <strong>bo\u00eete automatique \u00e0 neuf rapports<\/strong>, la transmission 4&#215;4 et un volume de chargement de 980 litres avec une capacit\u00e9 qui atteint plus de 1 t pour le Rebel, les rendant id\u00e9ales aussi bien pour le travail que pour les loisirs.<\/p>\n<p>Design et pr\u00e9sence sc\u00e9nique<\/p>\n<p>Avec une longueur de 5,03 m\u00e8tres et une largeur de 1,88, le <strong>Rampage<\/strong> combine des proportions \u00e9quilibr\u00e9es et une esth\u00e9tique muscl\u00e9e. La face avant est domin\u00e9e par la calandre RAM, tandis que l&rsquo;\u00e9clairage full-LED avec clignotants dynamiques et antibrouillards de virage apporte une touche high-tech.<\/p>\n<p>        <img decoding=\"async\" src=\"https:\/\/www.europesays.com\/fr\/wp-content\/uploads\/2025\/04\/16x9-tr.png\" alt=\"Ram Rampage 2026 -R\/T\" width=\"16\" height=\"9\" loading=\"lazy\"\/><\/p>\n<p>Photo : Ram<\/p>\n<p>La <strong>version Rebel<\/strong> se distingue par ses finitions techniques et ses jantes de 17\u201d, la R\/T par ses d\u00e9tails sportifs et son toit noir. \u00c0 l&rsquo;arri\u00e8re, les feux \u00e9voquent le drapeau am\u00e9ricain, un hommage aux origines de la marque.<\/p>\n<p>Int\u00e9rieur \u00e9l\u00e9gant mais aussi fonctionnel<\/p>\n<p>L&rsquo;habitacle est soign\u00e9, avec des <strong>mat\u00e9riaux doux au toucher<\/strong>, des rev\u00eatements en cuir ou en su\u00e8de et une planche de bord orient\u00e9e vers le conducteur. La version R\/T offre des si\u00e8ges perfor\u00e9s avec coutures rouges, tandis que le Rebel adopte des surfaces plus r\u00e9sistantes, id\u00e9ales pour une utilisation en ext\u00e9rieur.<\/p>\n<p>        <img decoding=\"async\" src=\"https:\/\/www.europesays.com\/fr\/wp-content\/uploads\/2025\/04\/16x9-tr.png\" alt=\"Ram Rampage 2026 - Int\u00e9rieurs\" width=\"16\" height=\"9\" loading=\"lazy\"\/><\/p>\n<p>Ram Rampage 2026 &#8211; Int\u00e9rieur<\/p>\n<p>Photo : Ram<\/p>\n<p>Au centre de la planche de bord tr\u00f4ne l&rsquo;\u00e9cran <strong>tactile de 12,3\u201d<\/strong> avec connectivit\u00e9 sans fil Apple CarPlay et Android Auto, accompagn\u00e9 d&rsquo;un combin\u00e9 d&rsquo;instruments num\u00e9rique de 10,3\u201d. Le syst\u00e8me audio Harman Kardon \u00e0 9 haut-parleurs et subwoofer de 360 W garantit une exp\u00e9rience sonore premium. Le syst\u00e8me <strong>RAM Charger<\/strong> avec six ports USB, 35,4 l de rangements et \u00e9clairage d&rsquo;ambiance \u00e0 LED ne manquent pas.<\/p>\n<p>Performances et plaisir de conduite<\/p>\n<p>La version R\/T acc\u00e9l\u00e8re de 0 \u00e0 100 km\/h en 6,9 secondes et atteint 220 km\/h, tandis que le Rebel atteint 196 km\/h et couvre le 0-100 en 9,9 secondes. La transmission int\u00e9grale automatique avec fonction <strong>4WD Low<\/strong> assure un contr\u00f4le dans toutes les conditions, tandis que les suspensions multibras et la direction \u00e9lectronique garantissent une dynamique de conduite pr\u00e9cise.<\/p>\n<p>        <img decoding=\"async\" src=\"https:\/\/www.europesays.com\/fr\/wp-content\/uploads\/2025\/04\/16x9-tr.png\" alt=\"Ram Rampage 2026 -R\/T\" width=\"16\" height=\"9\" loading=\"lazy\"\/><\/p>\n<p>Photo : Ram<\/p>\n<p>L&rsquo;assistance au d\u00e9marrage en c\u00f4te, le contr\u00f4le de descente et les <strong>freins \u00e0 disque ventil\u00e9s<\/strong> sur toutes les roues compl\u00e8tent une configuration pens\u00e9e pour la polyvalence.<\/p>\n<p>S\u00e9curit\u00e9 et ADAS de Niveau 2<\/p>\n<p>En mati\u00e8re de s\u00e9curit\u00e9, le Rampage se distingue par un <strong>ensemble ADAS de Niveau 2 complet<\/strong>: Active Driver Assist, Traffic Jam Assist, Highway Assist et Hands-off Detection. Le syst\u00e8me g\u00e8re la vitesse et la voie de mani\u00e8re semi-autonome, tandis que le <strong>freinage automatique<\/strong> d&rsquo;urgence avec reconnaissance des pi\u00e9tons et cyclistes, la d\u00e9tection d&rsquo;angle mort et l&rsquo;alerte de trafic transversal arri\u00e8re offrent une protection maximale dans chaque sc\u00e9nario.<\/p>\n<p>        <img decoding=\"async\" src=\"https:\/\/www.europesays.com\/fr\/wp-content\/uploads\/2025\/04\/16x9-tr.png\" alt=\"Ram Rampage 2026 -R\/T\" width=\"16\" height=\"9\" loading=\"lazy\"\/><\/p>\n<p>Photo : Ram<\/p>\n<p>\u00c0 bord du <strong>Ram Rampage,<\/strong> on trouve sept airbags, un d\u00e9marrage \u00e0 distance, Keyless Enter\u2019n Go, des capteurs de pluie et <strong>cr\u00e9pusculaire<\/strong>, ainsi que des r\u00e9troviseurs \u00e9lectriques avec \u00e9clairage de courtoisie.<\/p>\n<p>                                Ram <\/p>\n<ul>\n<li><strong>Make:<\/strong> Ram<\/li>\n<li><strong>Model:<\/strong> <\/li>\n<li><strong>URL:<\/strong><br \/>\n                                        <a href=\"https:\/\/fr.motor1.com\/ram\/rampage\/\" itemprop=\"url\" target=\"_blank\" rel=\"noopener\"><br \/>\n                                            Ram                                         <\/a>\n                                    <\/li>\n<\/ul>\n<p>                            <a href=\"http:\/\/fr.motor1.com\/photos\/915764\/ram-rampage-2026\/#8306352_ram-rampage-2026-rebelle\" class=\"msnt-photo-thumb-gallery-main-photo-box\" target=\"_blank\" rel=\"noopener\"><\/p>\n<p>                                    <img decoding=\"async\" src=\"https:\/\/www.europesays.com\/fr\/wp-content\/uploads\/2025\/04\/16x9-tr.png\" loading=\"lazy\" alt=\"Ram Rampage 2026 - Rebelle\" width=\"16\" height=\"9\"\/><\/p>\n<p>                            <\/a><\/p>\n<p>                                    19                                <\/p>\n","protected":false},"excerpt":{"rendered":"Nous l&rsquo;avions un peu pr\u00e9vu et les plus passionn\u00e9s l&rsquo;esp\u00e9raient, mais il semble maintenant que le Ram Rampage&hellip;\n","protected":false},"author":2,"featured_media":524762,"comment_status":"","ping_status":"","sticky":false,"template":"","format":"standard","meta":{"footnotes":""},"categories":[1586],"tags":[11,1777,674,1011,27,12,44488,2102,25],"class_list":{"0":"post-524761","1":"post","2":"type-post","3":"status-publish","4":"format-standard","5":"has-post-thumbnail","7":"category-europe","8":"tag-actualites","9":"tag-eu","10":"tag-europe","11":"tag-fr","12":"tag-france","13":"tag-news","14":"tag-nouveautu00e9","15":"tag-ram","16":"tag-republique-francaise"},"share_on_mastodon":{"url":"https:\/\/pubeurope.com\/@fr\/115525120113947181","error":""},"_links":{"self":[{"href":"https:\/\/www.europesays.com\/fr\/wp-json\/wp\/v2\/posts\/524761","targetHints":{"allow":["GET"]}}],"collection":[{"href":"https:\/\/www.europesays.com\/fr\/wp-json\/wp\/v2\/posts"}],"about":[{"href":"https:\/\/www.europesays.com\/fr\/wp-json\/wp\/v2\/types\/post"}],"author":[{"embeddable":true,"href":"https:\/\/www.europesays.com\/fr\/wp-json\/wp\/v2\/users\/2"}],"replies":[{"embeddable":true,"href":"https:\/\/www.europesays.com\/fr\/wp-json\/wp\/v2\/comments?post=524761"}],"version-history":[{"count":0,"href":"https:\/\/www.europesays.com\/fr\/wp-json\/wp\/v2\/posts\/524761\/revisions"}],"wp:featuredmedia":[{"embeddable":true,"href":"https:\/\/www.europesays.com\/fr\/wp-json\/wp\/v2\/media\/524762"}],"wp:attachment":[{"href":"https:\/\/www.europesays.com\/fr\/wp-json\/wp\/v2\/media?parent=524761"}],"wp:term":[{"taxonomy":"category","embeddable":true,"href":"https:\/\/www.europesays.com\/fr\/wp-json\/wp\/v2\/categories?post=524761"},{"taxonomy":"post_tag","embeddable":true,"href":"https:\/\/www.europesays.com\/fr\/wp-json\/wp\/v2\/tags?post=524761"}],"curies":[{"name":"wp","href":"https:\/\/api.w.org\/{rel}","templated":true}]}}