{"id":524765,"date":"2025-11-10T11:17:07","date_gmt":"2025-11-10T11:17:07","guid":{"rendered":"https:\/\/www.europesays.com\/fr\/524765\/"},"modified":"2025-11-10T11:17:07","modified_gmt":"2025-11-10T11:17:07","slug":"lucas-chevalier-accuse-davoir-fait-la-promotion-du-rassemblement-national-le-gardien-du-psg-sexplique","status":"publish","type":"post","link":"https:\/\/www.europesays.com\/fr\/524765\/","title":{"rendered":"Lucas Chevalier accus\u00e9 d\u2019avoir fait la promotion du Rassemblement national, le gardien du PSG s\u2019explique"},"content":{"rendered":"<p>        <img decoding=\"async\" loading=\"lazy\" src=\"https:\/\/www.europesays.com\/fr\/wp-content\/uploads\/2025\/11\/6c6cb70_upload-1-dncqods2vsrf-afp-20251105-ezzat-notitle251104-npost-v1-highres-parissaintgermainvfc.jpeg\"  width=\"728\" height=\"409\" alt=\"Lucas Chevalier, ici lors du match PSG-Bayern Munich en Ligue des champions, le 4\u00a0novembre 2025.\"\/>  <\/p>\n<p>IBRAHIM EZZAT \/ NurPhoto via AFP<\/p>\n<p>Lucas Chevalier, ici lors du match PSG-Bayern Munich en Ligue des champions, le 4\u00a0novembre 2025.<\/p>\n<p>      <strong>EN BREF<\/strong> <strong>\u2022 <\/strong>Lucas Chevalier, gardien du PSG, a \u00e9t\u00e9 critiqu\u00e9 pour le like d\u2019un post li\u00e9 au RN.<br \/><strong>\u2022 <\/strong>Il se d\u00e9fend sur Instagram, assurant que ce like est accidentel et qu\u2019il ne partage pas les id\u00e9es d\u2019extr\u00eame droite.<br \/><strong>\u2022 <\/strong>\u00c9ric Ciotti soutient Chevalier, d\u00e9non\u00e7ant des injures racistes, notamment le \u00ab\u00a0racisme anti-blanc\u00a0\u00bb.                         <\/p>\n<p class=\"asset asset-text\">FOOTBALL &#8211; P\u00e9riode mouvement\u00e9e pour Lucas Chevalier. <a href=\"https:\/\/www.huffingtonpost.fr\/sport\/article\/lille-auxerre-le-gardien-lucas-chevalier-qui-a-eu-trois-dents-cassees-dans-un-choc-prefere-s-en-amuser_249039.html\" target=\"_blank\" rel=\"noopener\">Le gardien du PSG<\/a>, loin d\u2019\u00eatre irr\u00e9prochable sur le terrain avec son club ces derniers temps, doit en plus affronter une vindicte populaire sur les r\u00e9seaux sociaux.<\/p>\n<p class=\"asset asset-text\">Tout est parti du like (supprim\u00e9 depuis) d\u2019un post Instagram li\u00e9 au <a href=\"https:\/\/www.huffingtonpost.fr\/politique\/article\/a-l-assemblee-le-rassemblement-national-s-inspire-beaucoup-des-autres-pour-mieux-servir-sa-strategie_256511.html\" target=\"_blank\" rel=\"noopener\">Rassemblement national<\/a> dans la nuit de samedi \u00e0 dimanche. Publi\u00e9e sur le compte \u00ab\u00a0spittinfakt\u00a0\u00bb, cette vid\u00e9o montre un extrait d\u2019une intervention de Julien Aubert, actuel vice-pr\u00e9sident des <a href=\"https:\/\/www.huffingtonpost.fr\/politique\/article\/apres-le-discours-de-sebastien-lecornu-les-republicains-ne-savent-vraiment-plus-ou-ils-habitent_256020.html\" target=\"_blank\" rel=\"noopener\">R\u00e9publicains<\/a> (LR), sur le plateau de LCP en juin\u00a02024. Celui-ci y affirmait alors son soutien au parti d\u2019extr\u00eame droite en cas de choix \u00e0 faire face au Nouveau Front populaire (NFP) pour les \u00e9lections l\u00e9gislatives anticip\u00e9es \u00e0 l\u2019\u00e9poque.<\/p>\n<p class=\"asset asset-text\">\u00ab\u00a0Je ne vais pas reprocher \u00e0\u00a0Marine Le\u00a0Pen\u00a0ce qu\u2019a fait son p\u00e8re, de la m\u00eame mani\u00e8re qu\u2019elle n\u2019est pas responsable de ce qu\u2019a fait son grand-p\u00e8re\u00a0\u00bb, expliquait alors l\u2019ancien d\u00e9put\u00e9 alors qu\u2019il \u00e9tait relanc\u00e9 par un journaliste sur l\u2019h\u00e9ritage du Front national li\u00e9 \u00ab\u00a0au p\u00e9tainisme\u00a0\u00bb et aux \u00ab\u00a0Waffen-SS\u00a0\u00bb.<\/p>\n<p> La lecture de ce contenu est susceptible d\u2019entra\u00eener un d\u00e9p\u00f4t de cookies de la part de l\u2019op\u00e9rateur tiers qui l\u2019h\u00e9berge. Compte-tenu des choix que vous avez exprim\u00e9s en mati\u00e8re de d\u00e9p\u00f4t de cookies, nous avons bloqu\u00e9 l\u2019affichage de ce contenu. Si vous souhaitez y acc\u00e9der, vous devez accepter la cat\u00e9gorie de cookies \u201cContenus tiers\u201d en cliquant sur le bouton ci-dessous. <\/p>\n<p> Lire la Vid\u00e9o        \u00ab\u00a0Le mal est fait\u00a0\u00bb    <\/p>\n<p class=\"asset asset-text\">Pour sa d\u00e9fense, le gardien de but de 24\u00a0ans a plaid\u00e9 l\u2019\u00ab\u00a0action accidentelle\u00a0\u00bb. Il s\u2019est exprim\u00e9 dans trois longues stories sur son compte Instagram, publi\u00e9es dans la nuit de dimanche \u00e0 lundi, apr\u00e8s la victoire de <a href=\"https:\/\/www.huffingtonpost.fr\/sport\/article\/le-psg-demande-a-ses-fans-ou-ils-veulent-le-nouveau-stade-entre-poissy-et-massy_256208.html\" target=\"_blank\" rel=\"noopener\" title=\"Nouvelle fen\u00eatre\">son club<\/a> \u00e0 Lyon (3-2) en Ligue 1, comme l\u2019ont rep\u00e9r\u00e9 plusieurs m\u00e9dias dont <a href=\"https:\/\/www.leparisien.fr\/sports\/football\/psg\/vous-avez-essaye-de-me-faire-passer-pour-un-facho-accuse-davoir-fait-la-promotion-du-rn-lucas-chevalier-sexplique-10-11-2025-SXY223DC6ZEYZMQYGOARROS7KQ.php\" target=\"_blank\" rel=\"noopener\" title=\"Nouvelle fen\u00eatre\">Le Parisien<\/a> et <a href=\"https:\/\/www.lequipe.fr\/Football\/Actualites\/Apres-sa-mention-like-sur-un-post-pro-rn-le-gardien-lucas-chevalier-plaide-une-action-accidentelle\/1608828\" target=\"_blank\" rel=\"noopener\" title=\"Nouvelle fen\u00eatre\">L\u2019\u00c9quipe<\/a>.<\/p>\n<p class=\"asset asset-text\">\u00ab\u00a0J\u2019ai pu voir ce qu\u2019il a pu se dire \u00e0 mon propos la soir\u00e9e pr\u00e9c\u00e9dente, concernant le fait que j\u2019ai lik\u00e9 une publication sur Instagram d\u2019une orientation politique, que je ne partage pas bien \u00e9videmment. Je ne cherche pas \u00e0 vous convaincre mais il est d\u00e9solant de savoir qu\u2019en scrollant et en laissant un like sans s\u2019en \u00eatre rendu compte sur une publication, et qu\u2019au r\u00e9veil de votre sieste pour pr\u00e9parer le match, vous \u00eates inform\u00e9 que votre image est salie de haut en bas pour une action accidentelle, \u00e7a m\u2019emmerde\u00a0\u00bb, a-t-il \u00e9crit dans cette story prenant des airs de communiqu\u00e9 de presse.<\/p>\n<p>    Ciotti d\u00e9nonce le \u00ab\u00a0racisme anti-blanc\u00a0\u00bb qui vise Chevalier    <\/p>\n<p class=\"asset asset-text\">\u00ab\u00a0Je ne suis pas l\u00e0 pour vous \u00e9taler mon \u00e9ducation et mes revendications politiques car je suis avant tout footballeur. Mais il est certain que toute personne qui me conna\u00eet, sait tr\u00e8s bien \u00e0 quel point je suis une personne dont mes parents et ma famille m\u2019ont inculqu\u00e9 des valeurs, du respect, et qu\u2019en aucun cas je me permettrais de penser ces choses-l\u00e0\u00a0\u00bb, a-t-il poursuivi.<\/p>\n<p class=\"asset asset-text\">Mais pour lui, \u00ab\u00a0le mal est fait et les choses ont \u00e9t\u00e9 prononc\u00e9es \u00e0 mon \u00e9gard\u00a0\u00bb. \u00ab\u00a0Vous avez essay\u00e9 de me faire passer pour un facho, et ce n\u2019est pas moi que vous visez, mais ma famille enti\u00e8re. Je ne me mettrais jamais en victime mais les limites ont \u00e9t\u00e9 d\u00e9pass\u00e9es, et de tr\u00e8s loin\u00a0\u00bb, conclut le joueur parisien, tr\u00e8s amer.<\/p>\n<p class=\"asset asset-text\">Parmi les r\u00e9actions \u00e0 cette pol\u00e9mique, on note celle de l\u2019ancien pr\u00e9sident des R\u00e9publicains \u00c9ric Ciotti, d\u00e9sormais alli\u00e9 de Marine Le Pen. Il lui apporte son \u00ab\u00a0soutien total\u00a0\u00bb, estimant que le gardien est \u00ab\u00a0victime d\u2019injures racistes\u00a0\u00bb, notamment de \u00ab\u00a0racisme anti-blanc\u00a0\u00bb.<\/p>\n","protected":false},"excerpt":{"rendered":"IBRAHIM EZZAT \/ NurPhoto via AFP Lucas Chevalier, ici lors du match PSG-Bayern Munich en Ligue des champions,&hellip;\n","protected":false},"author":2,"featured_media":524766,"comment_status":"","ping_status":"","sticky":false,"template":"","format":"standard","meta":{"footnotes":""},"categories":[2],"tags":[11,63,1011,27,12,2332,316,1078,25,517],"class_list":{"0":"post-524765","1":"post","2":"type-post","3":"status-publish","4":"format-standard","5":"has-post-thumbnail","7":"category-actualites","8":"tag-actualites","9":"tag-football","10":"tag-fr","11":"tag-france","12":"tag-news","13":"tag-paris-saint-germain-psg","14":"tag-politique","15":"tag-rassemblement-national","16":"tag-republique-francaise","17":"tag-sport"},"share_on_mastodon":{"url":"https:\/\/pubeurope.com\/@fr\/115525127257733734","error":""},"_links":{"self":[{"href":"https:\/\/www.europesays.com\/fr\/wp-json\/wp\/v2\/posts\/524765","targetHints":{"allow":["GET"]}}],"collection":[{"href":"https:\/\/www.europesays.com\/fr\/wp-json\/wp\/v2\/posts"}],"about":[{"href":"https:\/\/www.europesays.com\/fr\/wp-json\/wp\/v2\/types\/post"}],"author":[{"embeddable":true,"href":"https:\/\/www.europesays.com\/fr\/wp-json\/wp\/v2\/users\/2"}],"replies":[{"embeddable":true,"href":"https:\/\/www.europesays.com\/fr\/wp-json\/wp\/v2\/comments?post=524765"}],"version-history":[{"count":0,"href":"https:\/\/www.europesays.com\/fr\/wp-json\/wp\/v2\/posts\/524765\/revisions"}],"wp:featuredmedia":[{"embeddable":true,"href":"https:\/\/www.europesays.com\/fr\/wp-json\/wp\/v2\/media\/524766"}],"wp:attachment":[{"href":"https:\/\/www.europesays.com\/fr\/wp-json\/wp\/v2\/media?parent=524765"}],"wp:term":[{"taxonomy":"category","embeddable":true,"href":"https:\/\/www.europesays.com\/fr\/wp-json\/wp\/v2\/categories?post=524765"},{"taxonomy":"post_tag","embeddable":true,"href":"https:\/\/www.europesays.com\/fr\/wp-json\/wp\/v2\/tags?post=524765"}],"curies":[{"name":"wp","href":"https:\/\/api.w.org\/{rel}","templated":true}]}}