{"id":524767,"date":"2025-11-10T11:18:08","date_gmt":"2025-11-10T11:18:08","guid":{"rendered":"https:\/\/www.europesays.com\/fr\/524767\/"},"modified":"2025-11-10T11:18:08","modified_gmt":"2025-11-10T11:18:08","slug":"la-voiture-tombe-dans-un-lac-apres-un-refus-dobtemperer-deux-jeunes-se-noient","status":"publish","type":"post","link":"https:\/\/www.europesays.com\/fr\/524767\/","title":{"rendered":"La voiture tombe dans un lac apr\u00e8s un refus d\u2019obtemp\u00e9rer, deux jeunes se noient"},"content":{"rendered":"<p>Deux jeunes hommes ont perdu la vie dans un dramatique<a href=\"https:\/\/www.20minutes.fr\/dossier\/accident\" class=\"c-link c-link--is-underlined\" target=\"_blank\" rel=\"noopener\"> accident<\/a> \u00e0 Mauzac (<a href=\"https:\/\/www.20minutes.fr\/dossier\/haute-garonne\" class=\"c-link c-link--is-underlined\" target=\"_blank\" rel=\"noopener\">Haute-Garonne<\/a>), dans la nuit de vendredi \u00e0 samedi, rapporte Ici Occitanie. Peu avant 23 heures, le conducteur d\u2019une voiture, refusant de s\u2019arr\u00eater \u00e0 un contr\u00f4le de gendarmerie pr\u00e8s de l\u2019\u00e9glise, a pris la fuite avec trois passagers \u00e0 bord, \u00e2g\u00e9s de 21 \u00e0 24 ans, tous originaires du secteur, dont deux fr\u00e8res.<\/p>\n<p>Apr\u00e8s ce <a href=\"https:\/\/www.20minutes.fr\/faits_divers\/refus-obtemperer\/\" class=\"c-link c-link--is-underlined\" target=\"_blank\" rel=\"noopener\">refus d\u2019obtemp\u00e9rer<\/a>, le v\u00e9hicule a quitt\u00e9 le village en direction de l&rsquo;A64, sous une pluie battante. Dans une courbe, le conducteur a perdu le contr\u00f4le\u00a0: la voiture a percut\u00e9 un arbre avant de plonger dans un lac, pr\u00e8s de la zone commerciale du Pradas. Deux occupants ont r\u00e9ussi \u00e0 s\u2019extraire de l\u2019habitacle, tandis que les deux autres, coinc\u00e9s \u00e0 l\u2019int\u00e9rieur, sont morts noy\u00e9s malgr\u00e9 l\u2019intervention rapide des pompiers plongeurs.<\/p>\n<p>Le conducteur, qui \u00e9tait sous le coup d\u2019une suspension de permis, a \u00e9t\u00e9 plac\u00e9 en garde \u00e0 vue apr\u00e8s un passage par l\u2019h\u00f4pital selon les informations du <a href=\"https:\/\/www.leparisien.fr\/faits-divers\/deux-morts-apres-un-refus-dobtemperer-au-sud-de-toulouse-le-conducteur-dont-la-voiture-a-fini-dans-un-lac-en-garde-a-vue-09-11-2025-P6WB3QVXN5EGPINNIGUFDL22DA.php\" target=\"_blank\" class=\"c-link c-link--is-underlined\" rel=\"noopener\">Parisien<\/a>. D\u2019apr\u00e8s le parquet de <a href=\"https:\/\/www.20minutes.fr\/toulouse\/\" class=\"c-link c-link--is-underlined\" target=\"_blank\" rel=\"noopener\">Toulouse<\/a>, aucune course-poursuite n\u2019a eu lieu\u00a0: les gendarmes avaient rapidement perdu la trace du v\u00e9hicule, avant qu\u2019un t\u00e9moin ne donne l\u2019alerte.<\/p>\n","protected":false},"excerpt":{"rendered":"Deux jeunes hommes ont perdu la vie dans un dramatique accident \u00e0 Mauzac (Haute-Garonne), dans la nuit de&hellip;\n","protected":false},"author":2,"featured_media":524768,"comment_status":"","ping_status":"","sticky":false,"template":"","format":"standard","meta":{"footnotes":""},"categories":[2],"tags":[119,47,11,118,6738,1011,27,2722,2721,12,2680,2852,25],"class_list":{"0":"post-524767","1":"post","2":"type-post","3":"status-publish","4":"format-standard","5":"has-post-thumbnail","7":"category-actualites","8":"tag-accident","9":"tag-actualite","10":"tag-actualites","11":"tag-faits-divers","12":"tag-faits-divers-toulouse","13":"tag-fr","14":"tag-france","15":"tag-haute-garonne","16":"tag-midi-pyrenees","17":"tag-news","18":"tag-occitanie","19":"tag-refus-dobtemperer","20":"tag-republique-francaise"},"share_on_mastodon":{"url":"https:\/\/pubeurope.com\/@fr\/115525130941554496","error":""},"_links":{"self":[{"href":"https:\/\/www.europesays.com\/fr\/wp-json\/wp\/v2\/posts\/524767","targetHints":{"allow":["GET"]}}],"collection":[{"href":"https:\/\/www.europesays.com\/fr\/wp-json\/wp\/v2\/posts"}],"about":[{"href":"https:\/\/www.europesays.com\/fr\/wp-json\/wp\/v2\/types\/post"}],"author":[{"embeddable":true,"href":"https:\/\/www.europesays.com\/fr\/wp-json\/wp\/v2\/users\/2"}],"replies":[{"embeddable":true,"href":"https:\/\/www.europesays.com\/fr\/wp-json\/wp\/v2\/comments?post=524767"}],"version-history":[{"count":0,"href":"https:\/\/www.europesays.com\/fr\/wp-json\/wp\/v2\/posts\/524767\/revisions"}],"wp:featuredmedia":[{"embeddable":true,"href":"https:\/\/www.europesays.com\/fr\/wp-json\/wp\/v2\/media\/524768"}],"wp:attachment":[{"href":"https:\/\/www.europesays.com\/fr\/wp-json\/wp\/v2\/media?parent=524767"}],"wp:term":[{"taxonomy":"category","embeddable":true,"href":"https:\/\/www.europesays.com\/fr\/wp-json\/wp\/v2\/categories?post=524767"},{"taxonomy":"post_tag","embeddable":true,"href":"https:\/\/www.europesays.com\/fr\/wp-json\/wp\/v2\/tags?post=524767"}],"curies":[{"name":"wp","href":"https:\/\/api.w.org\/{rel}","templated":true}]}}