{"id":524771,"date":"2025-11-10T11:22:08","date_gmt":"2025-11-10T11:22:08","guid":{"rendered":"https:\/\/www.europesays.com\/fr\/524771\/"},"modified":"2025-11-10T11:22:08","modified_gmt":"2025-11-10T11:22:08","slug":"le-tournoi-des-6-nations-2026-impose-une-nouveaute-dans-son-calendrier-le-xv-de-france-concerne","status":"publish","type":"post","link":"https:\/\/www.europesays.com\/fr\/524771\/","title":{"rendered":"Le Tournoi des 6\u00a0nations 2026\u00a0impose une nouveaut\u00e9 dans son calendrier, le XV de France concern\u00e9"},"content":{"rendered":"<p class=\"app_entry_lead\">\n<p>                    <a title=\"\u00a0\u00a9\u00a0Chris Fairweather\/Huw Evans\/Shut\" href=\"https:\/\/www.europesays.com\/fr\/wp-content\/uploads\/2025\/11\/82364932.jpg\" class=\"fancy\"><\/p>\n<p>                            <img loading=\"lazy\" decoding=\"async\" src=\"https:\/\/www.europesays.com\/fr\/wp-content\/uploads\/2025\/11\/82364932.jpg\" alt=\"Le Tournoi des 6\u00a0nations 2026\u00a0impose une nouveaut\u00e9 dans son calendrier, le XV de France concern\u00e9\" width=\"1500\" height=\"973\"\/><\/p>\n<p>                    <\/a><\/p>\n<p>                Le XV de France va faire face \u00e0 une nouveaut\u00e9 dans son calendrier pour le Tournoi des 6\u00a0nations.<\/p>\n<p>Le XV de France est de retour en ce mois de novembre avec la c\u00e9l\u00e8bre tourn\u00e9e d&rsquo;automne qui permet aux \u00e9quipes de l&rsquo;H\u00e9misph\u00e8re Sud de se rendre en Europe pour y affronter les meilleures nations. Afrique du Sud, Nouvelle-Z\u00e9lande, Australie, Fidji&#8230; Il y en aura pour tout le monde. Ce sont les derniers pr\u00e9paratifs avant le prochain Tournoi des 6\u00a0nations qui se disputera en d\u00e9but d&rsquo;ann\u00e9e 2026.\u00a0<\/p>\n<p>Apr\u00e8s le sacre du XV de France en 2025, malgr\u00e9 la difficult\u00e9 du calendrier et des d\u00e9placements notamment en Angleterre et en Irlande, les Bleus affronteront cette fois les XV de la Rose et du Tr\u00e8fle au Stade de France. Les hommes de Fabien Galthi\u00e9 seront confront\u00e9s, dans l&rsquo;ordre, \u00e0 l&rsquo;Irlande, le pays de Galles \u00e0 l&rsquo;ext\u00e9rieur, l&rsquo;Italie, l&rsquo;Ecosse \u00e0 Murrayfield et enfin dans une grand finale (on l&rsquo;esp\u00e8re) l&rsquo;Angleterre au Stade de France.\u00a0<\/p>\n<p><img decoding=\"async\" alt=\"\" src=\"https:\/\/www.europesays.com\/fr\/wp-content\/uploads\/2025\/11\/82364933.jpg\"\/><\/p>\n<p>Mais attention : cette ann\u00e9e le calendrier et la programmation de ce Tournoi des 6 nations 2026 sont totalement boulevers\u00e9s. En effet, si on assistera comme d&rsquo;habitude \u00e0 des rencontres le vendredi et le samedi, il y aura un match le jeudi soir, le premier de la comp\u00e9tition et cela concerne le XV de France.<\/p>\n<p>Les co\u00e9quipiers d&rsquo;Antoine Dupont, qui devrait \u00eatre en pleine possession de ses moyens \u00e0 ce moment de l&rsquo;ann\u00e9e apr\u00e8s sa grave blessure face \u00e0 l&rsquo;Irlande dans l&rsquo;\u00e9dition 2025, recevront justement les Irlandais pour l&rsquo;ouverture de ce tournoi. Pourquoi\u00a0? Tout simplement pour ne pas concurrencer la c\u00e9r\u00e9monie d&rsquo;ouverture des Jeux olympiques d&rsquo;hiver de Milan Cortina.<\/p>\n<p>Et oui, 2026, ann\u00e9e de Coupe du monde de foot, mais \u00e9galement ann\u00e9e de JO d&rsquo;hiver. Apr\u00e8s les Jeux olympiques d&rsquo;\u00e9t\u00e9 en 2024 du c\u00f4t\u00e9 de Paris, les performances de la d\u00e9l\u00e9gation fran\u00e7aise seront particuli\u00e8rement scrut\u00e9es&#8230;<\/p>\n","protected":false},"excerpt":{"rendered":"Le XV de France va faire face \u00e0 une nouveaut\u00e9 dans son calendrier pour le Tournoi des 6\u00a0nations.&hellip;\n","protected":false},"author":2,"featured_media":524772,"comment_status":"","ping_status":"","sticky":false,"template":"","format":"standard","meta":{"footnotes":""},"categories":[1416],"tags":[64475,51761,51763,1011,27,51979,51767,479,1468,60],"class_list":{"0":"post-524771","1":"post","2":"type-post","3":"status-publish","4":"format-standard","5":"has-post-thumbnail","7":"category-rugby","8":"tag-cms-linternaute-9116916","9":"tag-controller-content","10":"tag-format-papier","11":"tag-fr","12":"tag-france","13":"tag-les-histoires-de-linternaute","14":"tag-parallaxeinfeed","15":"tag-rugby","16":"tag-rugby-football","17":"tag-sports"},"share_on_mastodon":{"url":"https:\/\/pubeurope.com\/@fr\/115525147691842737","error":""},"_links":{"self":[{"href":"https:\/\/www.europesays.com\/fr\/wp-json\/wp\/v2\/posts\/524771","targetHints":{"allow":["GET"]}}],"collection":[{"href":"https:\/\/www.europesays.com\/fr\/wp-json\/wp\/v2\/posts"}],"about":[{"href":"https:\/\/www.europesays.com\/fr\/wp-json\/wp\/v2\/types\/post"}],"author":[{"embeddable":true,"href":"https:\/\/www.europesays.com\/fr\/wp-json\/wp\/v2\/users\/2"}],"replies":[{"embeddable":true,"href":"https:\/\/www.europesays.com\/fr\/wp-json\/wp\/v2\/comments?post=524771"}],"version-history":[{"count":0,"href":"https:\/\/www.europesays.com\/fr\/wp-json\/wp\/v2\/posts\/524771\/revisions"}],"wp:featuredmedia":[{"embeddable":true,"href":"https:\/\/www.europesays.com\/fr\/wp-json\/wp\/v2\/media\/524772"}],"wp:attachment":[{"href":"https:\/\/www.europesays.com\/fr\/wp-json\/wp\/v2\/media?parent=524771"}],"wp:term":[{"taxonomy":"category","embeddable":true,"href":"https:\/\/www.europesays.com\/fr\/wp-json\/wp\/v2\/categories?post=524771"},{"taxonomy":"post_tag","embeddable":true,"href":"https:\/\/www.europesays.com\/fr\/wp-json\/wp\/v2\/tags?post=524771"}],"curies":[{"name":"wp","href":"https:\/\/api.w.org\/{rel}","templated":true}]}}