{"id":524780,"date":"2025-11-10T11:30:38","date_gmt":"2025-11-10T11:30:38","guid":{"rendered":"https:\/\/www.europesays.com\/fr\/524780\/"},"modified":"2025-11-10T11:30:38","modified_gmt":"2025-11-10T11:30:38","slug":"les-7-plus-beaux-appartements-haussmanniens-publies-dans-ad-loin-des-cliches","status":"publish","type":"post","link":"https:\/\/www.europesays.com\/fr\/524780\/","title":{"rendered":"Les 7 plus beaux appartements haussmanniens publi\u00e9s dans AD, loin des clich\u00e9s"},"content":{"rendered":"<p>La cuisine, ouverte depuis l&rsquo;entr\u00e9e, a \u00e9t\u00e9 con\u00e7ue \u00e0 la Scandinave, sans meubles hauts, afin de laisser place \u00e0 la d\u00e9coration et d&rsquo;en faire un espace plus vivant. Dans le m\u00eame esprit, un panneautage de grands cadres en ch\u00eane a \u00e9t\u00e9 d\u00e9pos\u00e9, ainsi qu&rsquo;un ilot central pour prendre les repas. La d\u00e9coration, pens\u00e9e \u00ab au feeling \u00bb, r\u00e9pond aux notes chaudes du <a href=\"https:\/\/www.admagazine.fr\/advisitesprivees\/article\/petit-espace-idees-architectes-bois\" target=\"_blank\" rel=\"noopener\">bois<\/a> \u00e0 renfort de vases, cadres et \u0153uvres d&rsquo;art rayonnants, pour renforcer l&rsquo;apport de lumi\u00e8re depuis la pi\u00e8ce adjacente.<\/p>\n<p><img decoding=\"async\" alt=\"La salle \u00e0 manger magistrale fait la part belle au dcor existant. Vase  Suspension  fauteuil  chaises .\" loading=\"lazy\" class=\"ResponsiveImageContainer-eNxvmU cfBbTk responsive-image__image\"   src=\"https:\/\/www.europesays.com\/fr\/wp-content\/uploads\/2025\/11\/Bonne_Nouvelle_Superraft_Studio_Photo_credit_Amaury%20Laparra_BD-14.jpg\"\/><\/p>\n<p>La salle \u00e0 manger, magistrale, fait la part belle au d\u00e9cor existant. Vase (maleneknundsen), Suspension (Garnier &amp; Linker), fauteuil (Cassina), chaises (Artisan).<\/p>\n<p>Photo credit \u00a9 Amaury Laparra<\/p>\n<p>Sublimer le d\u00e9cor d&rsquo;origine<\/p>\n<p>La salle \u00e0 manger est certainement l&rsquo;espace le plus impressionnant de l&rsquo;appartement. \u00ab \u00c0 l&rsquo;origine, les clients voulaient la diviser en deux pour cr\u00e9er un espace repas et un coin t\u00e9l\u00e9vision\u2026 mais j&rsquo;ai tout simplement dit non \u00bb, rapporte Romain Chauveau, convaincu d&rsquo;une meilleure mani\u00e8re de valoriser l&rsquo;imposant et rare d\u00e9cor historique de la pi\u00e8ce, sophistiqu\u00e9 du sol au plafond. \u00ab Cela m\u00e9ritait une seule grande table de r\u00e9ception et rien d&rsquo;autre \u00bb. L&rsquo;architecte a ainsi cr\u00e9\u00e9 ce meuble pour dix personnes sur mesure et ajout\u00e9, selon la demande de ses clients, un plan de travail face \u00e0 la fen\u00eatre, en miroir avec la <a href=\"https:\/\/www.admagazine.fr\/article\/cheminees-tendances-adopter-hiver\" target=\"_blank\" rel=\"noopener\">chemin\u00e9e<\/a>.<\/p>\n<p><img decoding=\"async\" alt=\"Le plan de travail donne sur le balcon vgtalis par Romain Chauveau et Thibault Rouet .\" loading=\"lazy\" class=\"ResponsiveImageContainer-eNxvmU cfBbTk responsive-image__image\"   src=\"https:\/\/www.europesays.com\/fr\/wp-content\/uploads\/2025\/11\/Bonne_Nouvelle_Superraft_Studio_Photo_credit_Amaury%20Laparra_BD-12.jpg\"\/><\/p>\n<p>Le plan de travail donne sur le balcon v\u00e9g\u00e9talis\u00e9 par Romain Chauveau et Thibault Rouet (Botanic&rsquo;Art).<\/p>\n<p>Photo credit \u00a9 Amaury Laparra<img decoding=\"async\" alt=\"Romain Chauveau de l'agence Supercraft sur le balcon de l'appartement vgtalis avec Thibault Rouet.\" loading=\"lazy\" class=\"ResponsiveImageContainer-eNxvmU cfBbTk responsive-image__image\"   src=\"https:\/\/www.europesays.com\/fr\/wp-content\/uploads\/2025\/11\/Bonne_Nouvelle_Superraft_Studio_Photo_credit_Amaury%20Laparra_BD-34.jpg\"\/><\/p>\n<p>Romain Chauveau, de l&rsquo;agence Supercraft, sur le balcon de l&rsquo;appartement, v\u00e9g\u00e9talis\u00e9 avec Thibault Rouet.<\/p>\n<p>Photo credit \u00a9 Amaury Laparra<\/p>\n<p>Si les photos laissent supposer un jardin foisonnant, il s&rsquo;agit en fait d&rsquo;une illusion remarquablement orchestr\u00e9e avec le paysagiste Thibault Rouet (Botanic&rsquo;Art), qui a cr\u00e9\u00e9 une v\u00e9ritable jungle de balcon rejoignant visuellement les arbres du boulevard avec des v\u00e9g\u00e9taux en pots. \u00ab On a multipli\u00e9 les vari\u00e9t\u00e9s de plantes pour donner une sensation de profondeur. Quand on est assis, on ne voit pas la rue. \u00bb Un tour de force pour un emplacement au premier \u00e9tage, th\u00e9oriquement tr\u00e8s expos\u00e9 \u00e0 la rue.<\/p>\n<p><img decoding=\"async\" alt=\"Le salon valorise l'existant en jouant avec la couleur et le blanc des murs.\" loading=\"lazy\" class=\"ResponsiveImageContainer-eNxvmU cfBbTk responsive-image__image\"   src=\"https:\/\/www.europesays.com\/fr\/wp-content\/uploads\/2025\/11\/Bonne_Nouvelle_Superraft_Studio_Photo_credit_Amaury%20Laparra_BD.jpg\"\/><\/p>\n<p>Le salon valorise l&rsquo;existant en jouant avec la couleur et le blanc des murs.<\/p>\n<p>Photo credit \u00a9 Amaury Laparra<img decoding=\"async\" alt=\"Le bar est cach derri\u00e8re les moulures du salon .\" loading=\"lazy\" class=\"ResponsiveImageContainer-eNxvmU cfBbTk responsive-image__image\"   src=\"https:\/\/www.europesays.com\/fr\/wp-content\/uploads\/2025\/11\/Bonne_Nouvelle_Superraft_Studio_Photo_credit_Amaury%20Laparra_BD-6.jpg\"\/><\/p>\n<p>Le bar est cach\u00e9 derri\u00e8re les moulures du salon (agencement par Golfe Agencement).<\/p>\n<p>Photo credit \u00a9 Amaury Laparra<\/p>\n<p>Le salon, de forme demi-ovale, est entour\u00e9 de moulures anciennes \u00ab en mauvais \u00e9tat \u00bb que Supercraft a restaur\u00e9es. \u00ab On s&rsquo;est effac\u00e9 pour respecter le b\u00e2ti, puis on a voulu le sublimer en s&rsquo;y int\u00e9grant avec l&rsquo;agencement et la d\u00e9coration \u00bb, indique Romain Chauveau, qui a choisi de valoriser les moulures et l&rsquo;entourage des fen\u00eatres en blanc, pour trancher avec la couleur des murs. \u00ab On n&rsquo;a rien cass\u00e9, et lorsqu&rsquo;on a d\u00fb le faire, on a trouv\u00e9 des subterfuges pour garder le prestige des lieux \u00bb. Comme l&rsquo;ajout d&rsquo;un bar cach\u00e9 dans le salon, permis gr\u00e2ce \u00e0 la suppression d&rsquo;une fen\u00eatre au profit d&rsquo;une micro pi\u00e8ce, dont la porte reproduit parfaitement les courbures et cimaises du s\u00e9jour \u2014 un proc\u00e9d\u00e9 pens\u00e9 sur mesure et r\u00e9alis\u00e9 gr\u00e2ce \u00e0 la pr\u00e9cision d&rsquo;une technologie num\u00e9rique. Dans le <a href=\"https:\/\/www.admagazine.fr\/adinspiration\/article\/amenager-bar-chez-soi\" target=\"_blank\" rel=\"noopener\">bar<\/a>, \u00ab on a cr\u00e9\u00e9 une pi\u00e8ce qui tranche compl\u00e8tement, d&rsquo;o\u00f9 le choix de cette couleur saumon dont on ne peut se douter lorsque la porte est ferm\u00e9e, relev\u00e9e par les miroirs et le plan de travail en marbre qui habillent l&rsquo;espace \u00bb.<\/p>\n<p><img decoding=\"async\" alt=\"La chambre parentale met en sc\u00e8ne des couleurs bleues valorisant les moulures au plafond.\" loading=\"lazy\" class=\"ResponsiveImageContainer-eNxvmU cfBbTk responsive-image__image\"   src=\"https:\/\/www.europesays.com\/fr\/wp-content\/uploads\/2025\/11\/Bonne_Nouvelle_Superraft_Studio_Photo_credit_Amaury%20Laparra_BD-56.jpg\"\/><\/p>\n<p>La chambre parentale met en sc\u00e8ne des couleurs bleues valorisant les moulures au plafond.<\/p>\n<p>Photo credit \u00a9 Amaury Laparra<img decoding=\"async\" alt=\"La chambre dissimule une salle de bains derri\u00e8re les rangements orns de miroirs.\" loading=\"lazy\" class=\"ResponsiveImageContainer-eNxvmU cfBbTk responsive-image__image\"   src=\"https:\/\/www.europesays.com\/fr\/wp-content\/uploads\/2025\/11\/Bonne_Nouvelle_Superraft_Studio_Photo_credit_Amaury%20Laparra_BD-49.jpg\"\/><\/p>\n<p>La chambre dissimule une salle de bains derri\u00e8re les rangements orn\u00e9s de miroirs.<\/p>\n<p>Photo credit \u00a9 Amaury Laparra<\/p>\n<p>Des astuces pour respecter l&rsquo;existant<\/p>\n<p>La partie nuit a \u00e9t\u00e9 imagin\u00e9e dans la m\u00eame d\u00e9marche de respect de l&rsquo;existant. La chambre parentale a ainsi \u00e9t\u00e9 divis\u00e9e en deux parties pour y int\u00e9grer une salle de bains. \u00ab Pour ne pas g\u00e2cher les moulures au plafond, on a d\u00e9pos\u00e9 des miroirs au-dessus des caissons du dressing, afin de refl\u00e9ter le d\u00e9cor et donner l&rsquo;impression que la pi\u00e8ce continue \u00bb, souligne l&rsquo;architecte. Une porte d\u00e9rob\u00e9e, l\u00e0 encore, donne acc\u00e8s \u00e0 la salle d&rsquo;eau tout en <a href=\"https:\/\/www.admagazine.fr\/article\/marbre-vedette-interieurs-2023\" target=\"_blank\" rel=\"noopener\">marbre<\/a> calacatta et laiton. C\u00f4t\u00e9 enfants, les couleurs sont aussi \u00e0 l&rsquo;honneur, du jaune embl\u00e9matique de la salle de jeux, pens\u00e9 en r\u00e9sonnance avec les rideaux, au rose de la salle de bains.<\/p>\n<p><img decoding=\"async\" alt=\"La salle de jeux adopte la couleur jaune comme signature avec des rideaux Antoinette Poisson.\" loading=\"lazy\" class=\"ResponsiveImageContainer-eNxvmU cfBbTk responsive-image__image\"   src=\"https:\/\/www.europesays.com\/fr\/wp-content\/uploads\/2025\/11\/Bonne_Nouvelle_Superraft_Studio_Photo_credit_Amaury%20Laparra_BD-66.jpg\"\/><\/p>\n<p>La salle de jeux adopte la couleur jaune comme signature, avec des rideaux Antoinette Poisson.<\/p>\n<p>Photo credit \u00a9 Amaury Laparra<img decoding=\"async\" alt=\"Le cabinet de toilettes clos la visite en beaut. Applique  robinetterie .\" loading=\"lazy\" class=\"ResponsiveImageContainer-eNxvmU cfBbTk responsive-image__image\"   src=\"https:\/\/www.europesays.com\/fr\/wp-content\/uploads\/2025\/11\/Bonne_Nouvelle_Superraft_Studio_Photo_credit_Amaury%20Laparra_BD-58.jpg\"\/><\/p>\n<p>Le cabinet de toilettes clos la visite en beaut\u00e9. Applique (Contain), robinetterie (THG).<\/p>\n<p>Photo credit \u00a9 Amaury Laparra<\/p>\n<p>La visite s&rsquo;ach\u00e8ve, comme elle a commenc\u00e9, tout en th\u00e9\u00e2tralit\u00e9. Le cabinet de toilettes a ainsi \u00e9t\u00e9 dessin\u00e9 en br\u00e8che violette et murs assortis, du sol au plafond, couleur exploit\u00e9e \u00e0 son maximum \u00e0 l&rsquo;aide de miroirs toute hauteur pour refl\u00e9ter la pi\u00e8ce au <a href=\"https:\/\/www.admagazine.fr\/adinspiration\/article\/idees-decoration-plafond\" target=\"_blank\" rel=\"noopener\">plafond<\/a>. \u00ab Nous avons pris beaucoup de plaisir \u00e0 mettre en valeur cet appartement haussmannien pour lui redonner ses lettres de noblesse \u00bb, conclut Romain Chauveau.<\/p>\n<p><strong>Supercraft<\/strong> : <a data-offer-url=\"https:\/\/www.supercraft-studio.com\/\" class=\"external-link\" data-event-click=\"{&quot;element&quot;:&quot;ExternalLink&quot;,&quot;outgoingURL&quot;:&quot;https:\/\/www.supercraft-studio.com\/&quot;}\" href=\"https:\/\/www.supercraft-studio.com\/\" rel=\"nofollow noopener\" target=\"_blank\">supercraft-studio.com<\/a> \/ <a data-offer-url=\"https:\/\/www.instagram.com\/supercraft_studio\/\" class=\"external-link\" data-event-click=\"{&quot;element&quot;:&quot;ExternalLink&quot;,&quot;outgoingURL&quot;:&quot;https:\/\/www.instagram.com\/supercraft_studio\/&quot;}\" href=\"https:\/\/www.instagram.com\/supercraft_studio\/\" rel=\"nofollow noopener\" target=\"_blank\">@supercraft_studio<\/a><\/p>\n<p><script async src=\"\/\/www.instagram.com\/embed.js\"><\/script><\/p>\n","protected":false},"excerpt":{"rendered":"La cuisine, ouverte depuis l&rsquo;entr\u00e9e, a \u00e9t\u00e9 con\u00e7ue \u00e0 la Scandinave, sans meubles hauts, afin de laisser place&hellip;\n","protected":false},"author":2,"featured_media":524781,"comment_status":"","ping_status":"","sticky":false,"template":"","format":"standard","meta":{"footnotes":""},"categories":[1358],"tags":[10099,1348,1384,1385,1386,58,59,1011,27,30894],"class_list":{"0":"post-524780","1":"post","2":"type-post","3":"status-publish","4":"format-standard","5":"has-post-thumbnail","7":"category-arts-et-design","8":"tag-appartement-parisien","9":"tag-arts","10":"tag-arts-and-design","11":"tag-arts-et-design","12":"tag-design","13":"tag-divertissement","14":"tag-entertainment","15":"tag-fr","16":"tag-france","17":"tag-haussmannien"},"share_on_mastodon":{"url":"https:\/\/pubeurope.com\/@fr\/115525184973315849","error":""},"_links":{"self":[{"href":"https:\/\/www.europesays.com\/fr\/wp-json\/wp\/v2\/posts\/524780","targetHints":{"allow":["GET"]}}],"collection":[{"href":"https:\/\/www.europesays.com\/fr\/wp-json\/wp\/v2\/posts"}],"about":[{"href":"https:\/\/www.europesays.com\/fr\/wp-json\/wp\/v2\/types\/post"}],"author":[{"embeddable":true,"href":"https:\/\/www.europesays.com\/fr\/wp-json\/wp\/v2\/users\/2"}],"replies":[{"embeddable":true,"href":"https:\/\/www.europesays.com\/fr\/wp-json\/wp\/v2\/comments?post=524780"}],"version-history":[{"count":0,"href":"https:\/\/www.europesays.com\/fr\/wp-json\/wp\/v2\/posts\/524780\/revisions"}],"wp:featuredmedia":[{"embeddable":true,"href":"https:\/\/www.europesays.com\/fr\/wp-json\/wp\/v2\/media\/524781"}],"wp:attachment":[{"href":"https:\/\/www.europesays.com\/fr\/wp-json\/wp\/v2\/media?parent=524780"}],"wp:term":[{"taxonomy":"category","embeddable":true,"href":"https:\/\/www.europesays.com\/fr\/wp-json\/wp\/v2\/categories?post=524780"},{"taxonomy":"post_tag","embeddable":true,"href":"https:\/\/www.europesays.com\/fr\/wp-json\/wp\/v2\/tags?post=524780"}],"curies":[{"name":"wp","href":"https:\/\/api.w.org\/{rel}","templated":true}]}}