{"id":524790,"date":"2025-11-10T11:40:14","date_gmt":"2025-11-10T11:40:14","guid":{"rendered":"https:\/\/www.europesays.com\/fr\/524790\/"},"modified":"2025-11-10T11:40:14","modified_gmt":"2025-11-10T11:40:14","slug":"yamal-a-pourri-ses-partenaires-en-plein-match","status":"publish","type":"post","link":"https:\/\/www.europesays.com\/fr\/524790\/","title":{"rendered":"Yamal a pourri ses partenaires en plein match"},"content":{"rendered":"<p>Lors du match entre le Celta Vigo et le <a href=\"https:\/\/www.onzemondial.com\/etranger\/fc-barcelone.html\" rel=\"nofollow noopener\" target=\"_blank\">Bar\u00e7a<\/a> remport\u00e9 4-2 par le club catalan, Lamine Yamal a surpris tout le monde en affichant un visage de leader\u2026 mais aussi une col\u00e8re visible envers ses partenaires. Le jeune prodige catalan, 18 ans \u00e0 peine, n\u2019a pas h\u00e9sit\u00e9 \u00e0 interpeller vivement ses co\u00e9quipiers apr\u00e8s les errements d\u00e9fensifs du Bar\u00e7a en premi\u00e8re p\u00e9riode.<\/p>\n<p>D\u00e8s l\u2019\u00e9galisation du Celta (1-1), les cam\u00e9ras de Movistar Plus ont capt\u00e9 un Yamal agac\u00e9, levant les bras et criant vers le milieu de terrain. \u00ab Qu\u2019est-ce qu\u2019on fait au milieu du terrain ?! \u00bb Une phrase r\u00e9p\u00e9t\u00e9e \u00e0 plusieurs reprises, t\u00e9moignant de son exasp\u00e9ration face au manque d\u2019organisation de l\u2019\u00e9quipe. Le Bar\u00e7a, alors totalement d\u00e9pass\u00e9 d\u00e9fensivement, laissait d\u2019immenses espaces dont le Celta profitait.<\/p>\n<p>A lire aussi :Yamal a parl\u00e9 comme un capitaine<\/p>\n<p>Selon Marca et Mundo Deportivo, Yamal a ensuite continu\u00e9 \u00e0 dialoguer fermement avec certains d\u00e9fenseurs pour tenter de corriger les erreurs. Et apr\u00e8s le 2-2, ses reproches se sont encore intensifi\u00e9s. \u00ab Eh ! On recule, allez en arri\u00e8re ! \u00bb Des mots capt\u00e9s cette fois par DAZN, qui montrent un jeune joueur refusant de subir et prenant les commandes sur le terrain, presque comme un capitaine.<\/p>\n<p>Cette attitude contrastait avec le calme d\u2019un Flick rest\u00e9 sto\u00efque sur le banc, avant d\u2019ajuster son syst\u00e8me en seconde p\u00e9riode. Apr\u00e8s la pause, le Bar\u00e7a a retrouv\u00e9 de la solidit\u00e9, et Yamal a \u00e9t\u00e9 d\u00e9cisif offensivement, marquant le but du 2-3 et fr\u00f4lant un doubl\u00e9 (sa frappe a heurt\u00e9 le poteau).<\/p>\n<p>   Partagez cette info avec vos amis et vos proches en cliquant ici<br \/> Pour r\u00e9sumer<\/p>\n<p>Lors du Celta-Bar\u00e7a (2-3), Lamine Yamal a explos\u00e9 contre ses co\u00e9quipiers, criant : \u00ab Qu\u2019est-ce qu\u2019on fait au milieu du terrain ? \u00bb puis \u00ab Eh ! On recule ! \u00bb. Agac\u00e9 par la d\u00e9fense, il a secou\u00e9 l\u2019\u00e9quipe avant de marquer le but d\u00e9cisif, affirmant un leadership pr\u00e9coce et sans filtre.<\/p>\n<p>R\u00e9dacteur<\/p>\n<p><img decoding=\"async\" width=\"76\" height=\"76\" loading=\"lazy\" src=\"https:\/\/www.europesays.com\/fr\/wp-content\/uploads\/2025\/04\/logo-julien-pedebos.jpg\" alt=\"Julien P\u00e9debos\"\/><\/p>\n","protected":false},"excerpt":{"rendered":"Lors du match entre le Celta Vigo et le Bar\u00e7a remport\u00e9 4-2 par le club catalan, Lamine Yamal&hellip;\n","protected":false},"author":2,"featured_media":524791,"comment_status":"","ping_status":"","sticky":false,"template":"","format":"standard","meta":{"footnotes":""},"categories":[9],"tags":[59813,5695,1011,27,60],"class_list":{"0":"post-524790","1":"post","2":"type-post","3":"status-publish","4":"format-standard","5":"has-post-thumbnail","7":"category-sports","8":"tag-espagne-liga","9":"tag-fc-barcelone","10":"tag-fr","11":"tag-france","12":"tag-sports"},"share_on_mastodon":{"url":"https:\/\/pubeurope.com\/@fr\/115525218068211964","error":""},"_links":{"self":[{"href":"https:\/\/www.europesays.com\/fr\/wp-json\/wp\/v2\/posts\/524790","targetHints":{"allow":["GET"]}}],"collection":[{"href":"https:\/\/www.europesays.com\/fr\/wp-json\/wp\/v2\/posts"}],"about":[{"href":"https:\/\/www.europesays.com\/fr\/wp-json\/wp\/v2\/types\/post"}],"author":[{"embeddable":true,"href":"https:\/\/www.europesays.com\/fr\/wp-json\/wp\/v2\/users\/2"}],"replies":[{"embeddable":true,"href":"https:\/\/www.europesays.com\/fr\/wp-json\/wp\/v2\/comments?post=524790"}],"version-history":[{"count":0,"href":"https:\/\/www.europesays.com\/fr\/wp-json\/wp\/v2\/posts\/524790\/revisions"}],"wp:featuredmedia":[{"embeddable":true,"href":"https:\/\/www.europesays.com\/fr\/wp-json\/wp\/v2\/media\/524791"}],"wp:attachment":[{"href":"https:\/\/www.europesays.com\/fr\/wp-json\/wp\/v2\/media?parent=524790"}],"wp:term":[{"taxonomy":"category","embeddable":true,"href":"https:\/\/www.europesays.com\/fr\/wp-json\/wp\/v2\/categories?post=524790"},{"taxonomy":"post_tag","embeddable":true,"href":"https:\/\/www.europesays.com\/fr\/wp-json\/wp\/v2\/tags?post=524790"}],"curies":[{"name":"wp","href":"https:\/\/api.w.org\/{rel}","templated":true}]}}