{"id":524800,"date":"2025-11-10T11:45:16","date_gmt":"2025-11-10T11:45:16","guid":{"rendered":"https:\/\/www.europesays.com\/fr\/524800\/"},"modified":"2025-11-10T11:45:16","modified_gmt":"2025-11-10T11:45:16","slug":"la-prestigieuse-ecole-veterinaire-de-maisons-alfort-dans-la-tourmente","status":"publish","type":"post","link":"https:\/\/www.europesays.com\/fr\/524800\/","title":{"rendered":"La prestigieuse Ecole v\u00e9t\u00e9rinaire de Maisons-Alfort dans la tourmente"},"content":{"rendered":"<p>On dit qu\u2019il s\u2019agit d\u2019un des plus beaux m\u00e9tiers du monde, mais son apprentissage dans sa plus prestigieuse \u00e9cole ne l\u2019est visiblement pas. <a href=\"https:\/\/www.20minutes.fr\/dossier\/ecole\" class=\"c-link c-link--is-underlined\" target=\"_blank\" rel=\"noopener\">L\u2019\u00c9cole <\/a>nationale <a href=\"https:\/\/www.20minutes.fr\/dossier\/veterinaire\" class=\"c-link c-link--is-underlined\" target=\"_blank\" rel=\"noopener\">v\u00e9t\u00e9rinaire <\/a>de Maisons-Alfort, aux portes de <a href=\"https:\/\/www.20minutes.fr\/paris\/\" class=\"c-link c-link--is-underlined\" target=\"_blank\" rel=\"noopener\">Paris<\/a>, est sous le coup d\u2019une enqu\u00eate pr\u00e9liminaire ouverte par le parquet de Cr\u00e9teil suite \u00e0 une plainte pour<a href=\"https:\/\/www.20minutes.fr\/dossier\/harcelement-moral\" class=\"c-link c-link--is-underlined\" target=\"_blank\" rel=\"noopener\"> harc\u00e8lement moral<\/a> et discrimination sexiste d\u00e9pos\u00e9e par une v\u00e9t\u00e9rinaire en poste, <a href=\"https:\/\/www.franceinfo.fr\/enquetes-franceinfo\/enquete-discrimination-sexiste-propos-obscenes-denigrement-la-justice-saisie-apres-des-accusations-de-harcelement-a-l-ecole-veterinaire-d-alfort_7605923.html\" rel=\"nofollow noopener\" target=\"_blank\" class=\"c-link c-link--is-underlined\">rapporte la Cellule investigation de Radio France<\/a>.<\/p>\n<p>Dans un article riche en t\u00e9moignages, la radio publique d\u00e9taille un syst\u00e8me \u00ab\u00a0toxique\u00a0\u00bb, \u00e9voquant la surcharge de travail, la pression et un taux de <a href=\"https:\/\/www.20minutes.fr\/dossier\/suicide\" class=\"c-link c-link--is-underlined\" target=\"_blank\" rel=\"noopener\">suicide <\/a>chez les v\u00e9t\u00e9rinaires d\u00e9j\u00e0 trois fois sup\u00e9rieur \u00e0 la moyenne nationale. Cela alors qu\u2019un nouveau drame a endeuill\u00e9 l\u2019\u00e9cole il y a un poign\u00e9e de semaines avec le suicide d\u2019une jeune interne de 24 ans la veille de la rentr\u00e9e.<\/p>\n<p>Plainte et d\u00e9nonciation collective<\/p>\n<p>Il y a trois ans d\u00e9j\u00e0, Christophe Desbois, professeur d\u2019anesth\u00e9sie, mettait fin \u00e0 ses jours apr\u00e8s avoir d\u00e9nonc\u00e9 une longue descente aux enfers apr\u00e8s avoir refus\u00e9 de cautionner des dysfonctionnements. Dans son dernier rapport, il se demandait si ce qu\u2019il vivait ne s\u2019appelait pas du \u00ab\u00a0harc\u00e8lement moral\u00a0\u00bb.<\/p>\n<p>La plainte la plus r\u00e9cente a \u00e9t\u00e9 d\u00e9pos\u00e9e en juillet par Val\u00e9rie Freiche, v\u00e9t\u00e9rinaire gastro-ent\u00e9rologue, qui affirme avoir subi pendant des ann\u00e9es \u00ab\u00a0brimades, propos humiliants et vexations\u00a0\u00bb, notamment de la part du directeur de l\u2019\u00e9cole.<\/p>\n<p>Aussi, plusieurs enseignantes et salari\u00e9es ont d\u00e9nonc\u00e9 des faits de harc\u00e8lement sexuel impliquant notamment un autre professeur influent, Dominique Grandjean, d\u00e9cor\u00e9 de la L\u00e9gion d\u2019honneur en\u00a02022. Face \u00e0 ces r\u00e9v\u00e9lations, le directeur de l\u2019\u00e9cole Christophe Degueurce, assure qu\u2019aucune enqu\u00eate interne n\u2019a identifi\u00e9 de \u00ab\u00a0dysfonctionnement syst\u00e9mique\u00a0\u00bb.<\/p>\n<\/p>\n<p>Un constat partag\u00e9 par le minist\u00e8re de l\u2019Agriculture, saisi \u00e0 quatre reprises et qui ne reconna\u00eet ni \u00ab\u00a0harc\u00e8lement ni agissements sexistes\u00a0\u00bb dans trois des quatre alertes, poursuit l\u2019article de \u00ab\u00a0France Info\u00a0\u00bb. Une \u00e9tude r\u00e9cente sur 1.600 \u00e9tudiants des \u00e9coles v\u00e9t\u00e9rinaires est particuli\u00e8rement alarmante\u00a0: 43\u00a0% des \u00e9tudiants interrog\u00e9s pr\u00e9sentent un \u00e9tat d\u00e9pressif mod\u00e9r\u00e9 \u00e0 s\u00e9v\u00e8re et 15,7\u00a0% d\u00e9clarent avoir eu des pens\u00e9es suicidaires, des taux tr\u00e8s sup\u00e9rieurs \u00e0 ceux de la population g\u00e9n\u00e9rale.<\/p>\n","protected":false},"excerpt":{"rendered":"On dit qu\u2019il s\u2019agit d\u2019un des plus beaux m\u00e9tiers du monde, mais son apprentissage dans sa plus prestigieuse&hellip;\n","protected":false},"author":2,"featured_media":524801,"comment_status":"","ping_status":"","sticky":false,"template":"","format":"standard","meta":{"footnotes":""},"categories":[4],"tags":[47,11,1122,1011,27,3668,28741,28742,662,12,626,25,104,5748,3847,20463],"class_list":{"0":"post-524800","1":"post","2":"type-post","3":"status-publish","4":"format-standard","5":"has-post-thumbnail","7":"category-france","8":"tag-actualite","9":"tag-actualites","10":"tag-ecole","11":"tag-fr","12":"tag-france","13":"tag-harcelement","14":"tag-harcelement-moral","15":"tag-harcelement-sexuel","16":"tag-ile-de-france","17":"tag-news","18":"tag-paris","19":"tag-republique-francaise","20":"tag-societe","21":"tag-suicide","22":"tag-travail","23":"tag-veterinaire"},"share_on_mastodon":{"url":"https:\/\/pubeurope.com\/@fr\/115525237174027730","error":""},"_links":{"self":[{"href":"https:\/\/www.europesays.com\/fr\/wp-json\/wp\/v2\/posts\/524800","targetHints":{"allow":["GET"]}}],"collection":[{"href":"https:\/\/www.europesays.com\/fr\/wp-json\/wp\/v2\/posts"}],"about":[{"href":"https:\/\/www.europesays.com\/fr\/wp-json\/wp\/v2\/types\/post"}],"author":[{"embeddable":true,"href":"https:\/\/www.europesays.com\/fr\/wp-json\/wp\/v2\/users\/2"}],"replies":[{"embeddable":true,"href":"https:\/\/www.europesays.com\/fr\/wp-json\/wp\/v2\/comments?post=524800"}],"version-history":[{"count":0,"href":"https:\/\/www.europesays.com\/fr\/wp-json\/wp\/v2\/posts\/524800\/revisions"}],"wp:featuredmedia":[{"embeddable":true,"href":"https:\/\/www.europesays.com\/fr\/wp-json\/wp\/v2\/media\/524801"}],"wp:attachment":[{"href":"https:\/\/www.europesays.com\/fr\/wp-json\/wp\/v2\/media?parent=524800"}],"wp:term":[{"taxonomy":"category","embeddable":true,"href":"https:\/\/www.europesays.com\/fr\/wp-json\/wp\/v2\/categories?post=524800"},{"taxonomy":"post_tag","embeddable":true,"href":"https:\/\/www.europesays.com\/fr\/wp-json\/wp\/v2\/tags?post=524800"}],"curies":[{"name":"wp","href":"https:\/\/api.w.org\/{rel}","templated":true}]}}