{"id":524804,"date":"2025-11-10T11:47:13","date_gmt":"2025-11-10T11:47:13","guid":{"rendered":"https:\/\/www.europesays.com\/fr\/524804\/"},"modified":"2025-11-10T11:47:13","modified_gmt":"2025-11-10T11:47:13","slug":"saint-etienne-un-homme-arrete-apres-avoir-fouille-les-camions-des-forains-du-marche-de-la-place-albert-thomas","status":"publish","type":"post","link":"https:\/\/www.europesays.com\/fr\/524804\/","title":{"rendered":"Saint-\u00c9tienne. Un homme arr\u00eat\u00e9 apr\u00e8s avoir fouill\u00e9 les camions des forains du march\u00e9 de la place Albert-Thomas"},"content":{"rendered":"<p>\u00c0 9 heures, vendredi matin, le march\u00e9 battait son plein, place Albert-Thomas \u00e0 Saint-\u00c9tienne, quand un des forains, occup\u00e9 \u00e0 servir des clients, croit deviner du mouvement dans son camion.<\/p>\n<p>\u00c0 l\u2019int\u00e9rieur du v\u00e9hicule, un individu, \u00e2g\u00e9 de 26\u00a0ans, \u00e9tait en train de fouiller, cherchant d\u2019\u00e9ventuelles denr\u00e9es ou du mat\u00e9riel \u00e0 voler.<\/p>\n<p>L&rsquo;individu bredouille mais plac\u00e9 en garde \u00e0 vue<\/p>\n<p>La police nationale, appel\u00e9e par le forain, s\u2019est rendue rapidement sur les lieux. Le mis en cause a \u00e9t\u00e9 interpell\u00e9, puis plac\u00e9 en garde \u00e0 vue. Il sera prochainement convoqu\u00e9 devant un magistrat pour tentative de vol.<\/p>\n<p>D\u2019autant, que les \u00e9l\u00e9ments recueillis sur place par les policiers ont laiss\u00e9 appara\u00eetre que l\u2019homme avait, un peu plus t\u00f4t dans la matin\u00e9e, d\u00e9j\u00e0 visit\u00e9 deux autres camions sur le march\u00e9 mais il en \u00e9tait ressorti bredouille.<\/p>\n","protected":false},"excerpt":{"rendered":"\u00c0 9 heures, vendredi matin, le march\u00e9 battait son plein, place Albert-Thomas \u00e0 Saint-\u00c9tienne, quand un des forains,&hellip;\n","protected":false},"author":2,"featured_media":524805,"comment_status":"","ping_status":"","sticky":false,"template":"","format":"standard","meta":{"footnotes":""},"categories":[9653],"tags":[1111,11,2430,271,272,7539,1777,674,274,1011,27,3367,12,25,4001,7538],"class_list":{"0":"post-524804","1":"post","2":"type-post","3":"status-publish","4":"format-standard","5":"has-post-thumbnail","7":"category-saint-etienne","8":"tag-actu","9":"tag-actualites","10":"tag-auvergne-rhone-alpes","11":"tag-crime","12":"tag-delit-et-contravention","13":"tag-edition-loire-sud","14":"tag-eu","15":"tag-europe","16":"tag-faits-divers-justice","17":"tag-fr","18":"tag-france","19":"tag-loire","20":"tag-news","21":"tag-republique-francaise","22":"tag-saint-etienne","23":"tag-saint-etienne-ville"},"share_on_mastodon":{"url":"https:\/\/pubeurope.com\/@fr\/115525244976855771","error":""},"_links":{"self":[{"href":"https:\/\/www.europesays.com\/fr\/wp-json\/wp\/v2\/posts\/524804","targetHints":{"allow":["GET"]}}],"collection":[{"href":"https:\/\/www.europesays.com\/fr\/wp-json\/wp\/v2\/posts"}],"about":[{"href":"https:\/\/www.europesays.com\/fr\/wp-json\/wp\/v2\/types\/post"}],"author":[{"embeddable":true,"href":"https:\/\/www.europesays.com\/fr\/wp-json\/wp\/v2\/users\/2"}],"replies":[{"embeddable":true,"href":"https:\/\/www.europesays.com\/fr\/wp-json\/wp\/v2\/comments?post=524804"}],"version-history":[{"count":0,"href":"https:\/\/www.europesays.com\/fr\/wp-json\/wp\/v2\/posts\/524804\/revisions"}],"wp:featuredmedia":[{"embeddable":true,"href":"https:\/\/www.europesays.com\/fr\/wp-json\/wp\/v2\/media\/524805"}],"wp:attachment":[{"href":"https:\/\/www.europesays.com\/fr\/wp-json\/wp\/v2\/media?parent=524804"}],"wp:term":[{"taxonomy":"category","embeddable":true,"href":"https:\/\/www.europesays.com\/fr\/wp-json\/wp\/v2\/categories?post=524804"},{"taxonomy":"post_tag","embeddable":true,"href":"https:\/\/www.europesays.com\/fr\/wp-json\/wp\/v2\/tags?post=524804"}],"curies":[{"name":"wp","href":"https:\/\/api.w.org\/{rel}","templated":true}]}}