{"id":524806,"date":"2025-11-10T11:48:19","date_gmt":"2025-11-10T11:48:19","guid":{"rendered":"https:\/\/www.europesays.com\/fr\/524806\/"},"modified":"2025-11-10T11:48:19","modified_gmt":"2025-11-10T11:48:19","slug":"avant-la-reception-de-saint-etienne-quetigny-r2-prepare-tant-bien-que-mal-la-fete","status":"publish","type":"post","link":"https:\/\/www.europesays.com\/fr\/524806\/","title":{"rendered":"avant la r\u00e9ception de Saint-\u00c9tienne, Quetigny (R2) pr\u00e9pare tant bien que mal \u00ab\u00a0la f\u00eate\u00a0\u00bb"},"content":{"rendered":"<p data-start=\"101\" data-end=\"765\">Accueillir Saint-\u00c9tienne, club mythique de l\u2019Hexagone (actuellement en Ligue 2) en Coupe de France, tous les clubs amateurs en r\u00eavent, mais cela peut \u00eatre un cadeau empoisonn\u00e9 tant la r\u00e9ception des Verts demande une logistique complexe. Demandez \u00e0 l\u2019AS Quetigny. Le club de R\u00e9gional 2, qui doit recevoir les St\u00e9phanois ce samedi (20h30) lors du <a href=\"https:\/\/www.foot-national.com\/coupe-de-france\/coupe-de-france-la-programmation-complete-du-septieme-tour-929265\" target=\"_blank\" rel=\"noopener\">7e tour de la Coupe de France<\/a>, fait face \u00e0 des difficult\u00e9s dans l\u2019organisation de la rencontre. Le club de C\u00f4te-d\u2019Or, qui jouera dans le stade Gaston-G\u00e9rard de Dijon, a d\u00fb fermer temporairement sa billetterie. Une situation sur laquelle est revenu Sylvain Alexer, le vice-pr\u00e9sident amateur, au micro d&rsquo;ICI Bourgogne :<\/p>\n<blockquote>\n<p data-start=\"767\" data-end=\"1255\">\u00ab\u00a0C&rsquo;est un petit peu compliqu\u00e9 en fait, on a pas mal de protocoles \u00e0 respecter. On a pris un peu toutes les informations, parce que nous voil\u00e0, on est amateurs. On a mont\u00e9 les dossiers comme il fallait et ensuite on a \u00e9t\u00e9 un peu rattrap\u00e9s par la police. On a mis en vente les billets et on a re\u00e7u un coup de fil quelques heures apr\u00e8s parce qu&rsquo;il y avait certains param\u00e8tres non respect\u00e9s par rapport aux d\u00e9placements des supporters st\u00e9phanois qui n&rsquo;\u00e9taient encore pas r\u00e9gl\u00e9s totalement.\u00a0\u00bb<\/p>\n<\/blockquote>\n<p data-start=\"1257\" data-end=\"1470\">La raison de cette fermeture : le parcage visiteur du stade dijonnais, qui n&rsquo;est pas suffisamment grand pour accueillir les supporters de l&rsquo;ASSE, comme l\u2019explique le vice-pr\u00e9sident toujours pour le m\u00e9dia local :<\/p>\n<blockquote>\n<p data-start=\"1472\" data-end=\"1813\">\u00ab\u00a0Le parcage c&rsquo;est \u00e0 peu pr\u00e8s 500-600 places mais on imagine qu&rsquo;ils seront beaucoup plus nombreux, ces supporters de Saint-\u00c9tienne&#8230; On a eu des bruits qui circulent et qui disent qu&rsquo;ils devraient \u00eatre tr\u00e8s nombreux donc c&rsquo;est pour \u00e7a que la pr\u00e9fecture ainsi que le commissariat de Dijon nous ont frein\u00e9 dans la mise en vente des billets.\u00a0\u00bb<\/p>\n<\/blockquote>\n<p>\u00ab\u00a0On se bat pour que la f\u00eate existe \u00e0 Dijon\u00a0\u00bb<\/p>\n<p data-start=\"1862\" data-end=\"2380\">Le principal risque pour Quetigny est que la rencontre soit finalement d\u00e9localis\u00e9e, une solution que ne veut pas le club : \u00ab\u00a0Nous, on se bat pour que la f\u00eate existe \u00e0 Dijon samedi prochain donc voil\u00e0. Recevoir Saint-\u00c9tienne ici \u00e0 Dijon au stade Gaston-G\u00e9rard, c&rsquo;est quelque chose d&rsquo;exceptionnel. D&rsquo;incroyable.\u00a0\u00bb Une r\u00e9union est pr\u00e9vue ce lundi matin avec les dirigeants des diff\u00e9rents clubs et le pr\u00e9fet pour faire le point sur la situation, mais \u00ab\u00a0le but, c&rsquo;est que la billetterie soit rouverte en d\u00e9but d&rsquo;apr\u00e8s-midi.\u00a0\u00bb Pour ce match, le club du Forez sera <a href=\"https:\/\/www.foot-national.com\/coupe-de-france\/coupe-de-france-plethore-dabsents-pour-saint-etienne-contre-quetigny-929903\" target=\"_blank\" rel=\"noopener\">priv\u00e9 de plusieurs joueurs<\/a> dont ses internationaux (Cardona, Annan, Jaber, Davitashvili, Old, Stassin&#8230;), une chance peut-\u00eatre pour le club de R\u00e9gional 2 de faire un exploit, qu\u2019importe le lieu de la rencontre.<\/p>\n<p>Partagez cette info avec vos amis et vos proches en cliquant ici<br \/>Coupe de France : avant la r\u00e9ception de Saint-\u00c9tienne, Quetigny (R2) pr\u00e9pare tant bien que mal \u00ab\u00a0la f\u00eate\u00a0\u00bb<\/p>\n<p>L\u2019AS Quetigny (R2) doit recevoir Saint-\u00c9tienne en Coupe de France, mais le club fait face \u00e0 des difficult\u00e9s logistiques, notamment avec le parcage visiteur, et a temporairement ferm\u00e9 sa billetterie. La d\u00e9localisation reste possible.<\/p>\n<p> <img decoding=\"async\" width=\"76\" height=\"76\" loading=\"lazy\" src=\"https:\/\/static.wui.fr\/images_v3\/avatar-footnational.png\" alt=\"Clement Fradique\"\/><\/p>\n","protected":false},"excerpt":{"rendered":"Accueillir Saint-\u00c9tienne, club mythique de l\u2019Hexagone (actuellement en Ligue 2) en Coupe de France, tous les clubs amateurs&hellip;\n","protected":false},"author":2,"featured_media":524807,"comment_status":"","ping_status":"","sticky":false,"template":"","format":"standard","meta":{"footnotes":""},"categories":[9653],"tags":[1111,11,2430,61432,1777,674,1011,27,12,25,4001],"class_list":{"0":"post-524806","1":"post","2":"type-post","3":"status-publish","4":"format-standard","5":"has-post-thumbnail","7":"category-saint-etienne","8":"tag-actu","9":"tag-actualites","10":"tag-auvergne-rhone-alpes","11":"tag-coupes-coupe-de-france","12":"tag-eu","13":"tag-europe","14":"tag-fr","15":"tag-france","16":"tag-news","17":"tag-republique-francaise","18":"tag-saint-etienne"},"share_on_mastodon":{"url":"https:\/\/pubeurope.com\/@fr\/115525249593355016","error":""},"_links":{"self":[{"href":"https:\/\/www.europesays.com\/fr\/wp-json\/wp\/v2\/posts\/524806","targetHints":{"allow":["GET"]}}],"collection":[{"href":"https:\/\/www.europesays.com\/fr\/wp-json\/wp\/v2\/posts"}],"about":[{"href":"https:\/\/www.europesays.com\/fr\/wp-json\/wp\/v2\/types\/post"}],"author":[{"embeddable":true,"href":"https:\/\/www.europesays.com\/fr\/wp-json\/wp\/v2\/users\/2"}],"replies":[{"embeddable":true,"href":"https:\/\/www.europesays.com\/fr\/wp-json\/wp\/v2\/comments?post=524806"}],"version-history":[{"count":0,"href":"https:\/\/www.europesays.com\/fr\/wp-json\/wp\/v2\/posts\/524806\/revisions"}],"wp:featuredmedia":[{"embeddable":true,"href":"https:\/\/www.europesays.com\/fr\/wp-json\/wp\/v2\/media\/524807"}],"wp:attachment":[{"href":"https:\/\/www.europesays.com\/fr\/wp-json\/wp\/v2\/media?parent=524806"}],"wp:term":[{"taxonomy":"category","embeddable":true,"href":"https:\/\/www.europesays.com\/fr\/wp-json\/wp\/v2\/categories?post=524806"},{"taxonomy":"post_tag","embeddable":true,"href":"https:\/\/www.europesays.com\/fr\/wp-json\/wp\/v2\/tags?post=524806"}],"curies":[{"name":"wp","href":"https:\/\/api.w.org\/{rel}","templated":true}]}}