{"id":524817,"date":"2025-11-10T11:54:14","date_gmt":"2025-11-10T11:54:14","guid":{"rendered":"https:\/\/www.europesays.com\/fr\/524817\/"},"modified":"2025-11-10T11:54:14","modified_gmt":"2025-11-10T11:54:14","slug":"montpellier-deux-nouvelles-fermetures-administratives-2","status":"publish","type":"post","link":"https:\/\/www.europesays.com\/fr\/524817\/","title":{"rendered":"Montpellier : deux nouvelles fermetures administratives"},"content":{"rendered":"<p>\nDeux nouvelles fermetures administratives ont \u00e9t\u00e9 d\u00e9cid\u00e9es par le pr\u00e9fet de l\u2019H\u00e9rault.<\/p>\n<p>\n\u00a9 Pr\u00e9fet de l\u2019H\u00e9rault \u2013 nouvelle fermeture administrative \u00e0 B\u00e9ziers.<\/p>\n<p><a data-no-instant=\"1\" href=\"https:\/\/nimes-metropole-entreprises.fr\/le-territoire-de-nimes-metropole\/un-reseau-economique-et-collaboratif\/digiweek-de-nimes-metropole\/\" rel=\"noopener\" class=\"a2t-link\" aria-label=\"461-image\" target=\"_blank\"><img decoding=\"async\" loading=\"lazy\" src=\"https:\/\/www.europesays.com\/fr\/wp-content\/uploads\/2025\/11\/1762508179_745_461-image.jpeg\" alt=\"\"   width=\"1220\" height=\"260\"\/><\/a><\/p>\n<p>Deux nouvelles <a href=\"https:\/\/infoccitanie.fr\/tag\/fermeture-administrative\/\" target=\"_blank\" rel=\"noopener\">fermetures administratives<\/a> ont \u00e9t\u00e9 d\u00e9cid\u00e9es par le <a href=\"https:\/\/www.facebook.com\/Prefet34\" target=\"_blank\" rel=\"nofollow noopener\">pr\u00e9fet de l\u2019H\u00e9rault<\/a>. L\u2019\u00e9picerie \u00ab\u00a0Meknes alimentation\u00a0\u00bb, situ\u00e9e 48 rue de Leyde \u00e0 Montpellier \u00e9cop\u00e9 de 60 jours de fermeture, pour d\u00e9tention frauduleuse de tabac en vue de la revente en r\u00e9cidive. L\u2019\u00e9picerie \u00ab\u00a0Chaptal Market\u00a0\u00bb 10 rue Chaptal \u00e0 Montpellier \u00e9cop\u00e9 de 7 jours de fermeture pour non respect de l\u2019arr\u00eat\u00e9 municipal fixant les horaires de fermeture<\/p>\n","protected":false},"excerpt":{"rendered":"Deux nouvelles fermetures administratives ont \u00e9t\u00e9 d\u00e9cid\u00e9es par le pr\u00e9fet de l\u2019H\u00e9rault. \u00a9 Pr\u00e9fet de l\u2019H\u00e9rault \u2013 nouvelle&hellip;\n","protected":false},"author":2,"featured_media":524818,"comment_status":"","ping_status":"","sticky":false,"template":"","format":"standard","meta":{"footnotes":""},"categories":[9599],"tags":[1111,11,1777,674,13624,1011,27,2208,12,2680,25],"class_list":{"0":"post-524817","1":"post","2":"type-post","3":"status-publish","4":"format-standard","5":"has-post-thumbnail","7":"category-montpellier","8":"tag-actu","9":"tag-actualites","10":"tag-eu","11":"tag-europe","12":"tag-fermeture-administrative","13":"tag-fr","14":"tag-france","15":"tag-montpellier","16":"tag-news","17":"tag-occitanie","18":"tag-republique-francaise"},"share_on_mastodon":{"url":"https:\/\/pubeurope.com\/@fr\/115525273136910507","error":""},"_links":{"self":[{"href":"https:\/\/www.europesays.com\/fr\/wp-json\/wp\/v2\/posts\/524817","targetHints":{"allow":["GET"]}}],"collection":[{"href":"https:\/\/www.europesays.com\/fr\/wp-json\/wp\/v2\/posts"}],"about":[{"href":"https:\/\/www.europesays.com\/fr\/wp-json\/wp\/v2\/types\/post"}],"author":[{"embeddable":true,"href":"https:\/\/www.europesays.com\/fr\/wp-json\/wp\/v2\/users\/2"}],"replies":[{"embeddable":true,"href":"https:\/\/www.europesays.com\/fr\/wp-json\/wp\/v2\/comments?post=524817"}],"version-history":[{"count":0,"href":"https:\/\/www.europesays.com\/fr\/wp-json\/wp\/v2\/posts\/524817\/revisions"}],"wp:featuredmedia":[{"embeddable":true,"href":"https:\/\/www.europesays.com\/fr\/wp-json\/wp\/v2\/media\/524818"}],"wp:attachment":[{"href":"https:\/\/www.europesays.com\/fr\/wp-json\/wp\/v2\/media?parent=524817"}],"wp:term":[{"taxonomy":"category","embeddable":true,"href":"https:\/\/www.europesays.com\/fr\/wp-json\/wp\/v2\/categories?post=524817"},{"taxonomy":"post_tag","embeddable":true,"href":"https:\/\/www.europesays.com\/fr\/wp-json\/wp\/v2\/tags?post=524817"}],"curies":[{"name":"wp","href":"https:\/\/api.w.org\/{rel}","templated":true}]}}