{"id":524821,"date":"2025-11-10T11:56:13","date_gmt":"2025-11-10T11:56:13","guid":{"rendered":"https:\/\/www.europesays.com\/fr\/524821\/"},"modified":"2025-11-10T11:56:13","modified_gmt":"2025-11-10T11:56:13","slug":"arrete-tot-le-matin-le-conducteur-avait-fume-un-joint-et-bu-de-lalcool","status":"publish","type":"post","link":"https:\/\/www.europesays.com\/fr\/524821\/","title":{"rendered":"arr\u00eat\u00e9 t\u00f4t le matin, le conducteur avait fum\u00e9 un joint et bu de l\u2019alcool"},"content":{"rendered":"<p>            Par<br \/>\n        <strong><br \/>\n            <a href=\"https:\/\/actu.fr\/auteur\/aurelien-delavaud\" title=\"Consulter tous les articles de Aur\u00e9lien Delavaud\" target=\"_blank\" rel=\"noopener\">Aur\u00e9lien Delavaud<\/a><br \/>\n        <\/strong><\/p>\n<p>        Publi\u00e9 le<\/p>\n<p>            10 nov. 2025 \u00e0 11h41        <\/p>\n<p>Il est 7\u2009h\u200945 du matin, ce vendredi 7\u00a0novembre 2025. En patrouille dans l\u2019agglom\u00e9ration d\u2019<a href=\"https:\/\/actu.fr\/normandie\/elbeuf_76231\" target=\"_blank\" rel=\"noopener\">Elbeuf (Seine-Maritime)<\/a>, des policiers rep\u00e8rent un <b>cyclomoteur<\/b> qui ne passe pas inaper\u00e7u.<\/p>\n<p class=\" wall-content\">Son pot d\u2019\u00e9chappement fait du bruit, son feu arri\u00e8re ne fonctionne pas\u2026 Ils d\u00e9cident donc de contr\u00f4ler son conducteur.<\/p>\n<p>Positif \u00e0 l\u2019alcool et au cannabis<\/p>\n<p class=\" wall-content\">\u00c0 la demande des policiers, celui-ci obtemp\u00e8re et s\u2019arr\u00eate dans la rue Lemercier, sur les hauteurs de Caudebec-l\u00e8s-Elbeuf.<\/p>\n<p class=\" wall-content\">Lors du contr\u00f4le, les policiers se rendent compte que le deux-roues n\u2019est <b>pas assur\u00e9<\/b>, mais surtout que son conducteur <b>sent fortement l\u2019alcool<\/b> et qu\u2019il a les yeux brillants.<\/p>\n<p class=\" wall-content\">Interrog\u00e9 \u00e0 ce sujet, l\u2019homme r\u00e9pond qu\u2019il a bu de l\u2019alcool la veille au soir et qu\u2019il a<b> fum\u00e9 un joint le matin<\/b>. Les d\u00e9pistages effectu\u00e9s confirment qu\u2019il est positif \u00e0 l\u2019alcool et au cannabis.<\/p>\n<p class=\" wall-content\">Interpell\u00e9, l\u2019homme de 26\u00a0ans a \u00e9t\u00e9 plac\u00e9 en garde \u00e0 vue. D\u00e9f\u00e9r\u00e9 devant la justice le lendemain, le samedi 8\u00a0novembre 2025, il a \u00e9t\u00e9 <b>plac\u00e9 sous contr\u00f4le judiciaire<\/b>.<\/p>\n<p class=\" wall-content\">Personnalisez votre actualit\u00e9 en ajoutant vos villes et m\u00e9dias en favori avec <a href=\"https:\/\/moncompte.actu.fr\" title=\"D\u00e9couvez Mon Actu\" rel=\"nofollow noopener\" data-trk=\"{&quot;cta&quot;:{&quot;action&quot;:&quot;https:\\\/\\\/moncompte.actu.fr&quot;,&quot;category&quot;:&quot;mon compte&quot;,&quot;from&quot;:&quot;article footer&quot;,&quot;name&quot;:&quot;Mon actu&quot;,&quot;type&quot;:&quot;cta&quot;}}\" target=\"_blank\">Mon Actu<\/a>.<\/p>\n","protected":false},"excerpt":{"rendered":"Par Aur\u00e9lien Delavaud Publi\u00e9 le 10 nov. 2025 \u00e0 11h41 Il est 7\u2009h\u200945 du matin, ce vendredi 7\u00a0novembre&hellip;\n","protected":false},"author":2,"featured_media":524822,"comment_status":"","ping_status":"","sticky":false,"template":"","format":"standard","meta":{"footnotes":""},"categories":[9587],"tags":[1111,11,5702,3675,1777,674,118,1011,27,12,5161,1072,25,9590],"class_list":{"0":"post-524821","1":"post","2":"type-post","3":"status-publish","4":"format-standard","5":"has-post-thumbnail","7":"category-rouen","8":"tag-actu","9":"tag-actualites","10":"tag-alcool","11":"tag-cannabis","12":"tag-eu","13":"tag-europe","14":"tag-faits-divers","15":"tag-fr","16":"tag-france","17":"tag-news","18":"tag-normandie","19":"tag-police","20":"tag-republique-francaise","21":"tag-rouen"},"share_on_mastodon":{"url":"","error":""},"_links":{"self":[{"href":"https:\/\/www.europesays.com\/fr\/wp-json\/wp\/v2\/posts\/524821","targetHints":{"allow":["GET"]}}],"collection":[{"href":"https:\/\/www.europesays.com\/fr\/wp-json\/wp\/v2\/posts"}],"about":[{"href":"https:\/\/www.europesays.com\/fr\/wp-json\/wp\/v2\/types\/post"}],"author":[{"embeddable":true,"href":"https:\/\/www.europesays.com\/fr\/wp-json\/wp\/v2\/users\/2"}],"replies":[{"embeddable":true,"href":"https:\/\/www.europesays.com\/fr\/wp-json\/wp\/v2\/comments?post=524821"}],"version-history":[{"count":0,"href":"https:\/\/www.europesays.com\/fr\/wp-json\/wp\/v2\/posts\/524821\/revisions"}],"wp:featuredmedia":[{"embeddable":true,"href":"https:\/\/www.europesays.com\/fr\/wp-json\/wp\/v2\/media\/524822"}],"wp:attachment":[{"href":"https:\/\/www.europesays.com\/fr\/wp-json\/wp\/v2\/media?parent=524821"}],"wp:term":[{"taxonomy":"category","embeddable":true,"href":"https:\/\/www.europesays.com\/fr\/wp-json\/wp\/v2\/categories?post=524821"},{"taxonomy":"post_tag","embeddable":true,"href":"https:\/\/www.europesays.com\/fr\/wp-json\/wp\/v2\/tags?post=524821"}],"curies":[{"name":"wp","href":"https:\/\/api.w.org\/{rel}","templated":true}]}}