{"id":524823,"date":"2025-11-10T11:57:13","date_gmt":"2025-11-10T11:57:13","guid":{"rendered":"https:\/\/www.europesays.com\/fr\/524823\/"},"modified":"2025-11-10T11:57:13","modified_gmt":"2025-11-10T11:57:13","slug":"ils-volaient-les-motos-des-touristes-dans-les-stations-de-ski","status":"publish","type":"post","link":"https:\/\/www.europesays.com\/fr\/524823\/","title":{"rendered":"ils volaient les motos des touristes dans les stations de ski"},"content":{"rendered":"<p>\t\t\t\t\t\t\t\t\t\t\t<img decoding=\"async\" src=\"https:\/\/www.europesays.com\/fr\/wp-content\/uploads\/2025\/11\/1280x720_pres-de-grenoble-ils-volaient-les-motos-des-touristes-dans-les-stations-de-ski_6911cfb85fc1.jpeg\" alt=\"Pr\u00e8s de Grenoble : ils volaient les motos des touristes dans les stations de ski\" title=\"Pr\u00e8s de Grenoble : ils volaient les motos des touristes dans les stations de ski\" width=\"1280\" height=\"720\" class=\"img-fluid  mb-3\" loading=\"lazy\"\/>\t\t\t\t\t\t\t\t\t\t\t\t<\/p>\n<p>Pr\u00e8s de Grenoble : ils volaient les motos des touristes dans les stations de ski &#8211; DR<\/p>\n<p itemprop=\"description\"><strong>Le gang s\u00e9vissait dans les stations de ski alpines.<\/strong><\/p>\n<p>Quatre individus ont \u00e9t\u00e9 interpell\u00e9s la semaine derni\u00e8re et sont soup\u00e7onn\u00e9s d&rsquo;avoir vol\u00e9 une trentaine de motos depuis cet \u00e9t\u00e9. Ils ciblaient les parkings d&rsquo;h\u00f4tel, notamment \u00e0 l&rsquo;Alpe d&rsquo;Huez pour d\u00e9rober des grosses cylindr\u00e9es comme des BMW GS qui appartenaient \u00e0 des touristes \u00e9trangers.<\/p>\n<p>Les deux-roues estim\u00e9s \u00e0 25 000 euros \u00e9taient charg\u00e9s dans une camionnette puis revendus.<\/p>\n<p>Selon le Dauphin\u00e9 Lib\u00e9r\u00e9, trois des quatre jeunes suspects ont \u00e9t\u00e9 \u00e9crou\u00e9s suite \u00e0 leur mise en examen. Et le dernier a \u00e9t\u00e9 laiss\u00e9 libre sous contr\u00f4le judiciaire.<\/p>\n<p>Leur proc\u00e8s devrait se tenir \u00e0 Grenoble d&rsquo;ici la fin de l&rsquo;ann\u00e9e.<\/p>\n","protected":false},"excerpt":{"rendered":"Pr\u00e8s de Grenoble : ils volaient les motos des touristes dans les stations de ski &#8211; DR Le&hellip;\n","protected":false},"author":2,"featured_media":524824,"comment_status":"","ping_status":"","sticky":false,"template":"","format":"standard","meta":{"footnotes":""},"categories":[9566],"tags":[1111,11,7733,8279,2430,7736,650,7734,2889,2263,1777,674,1011,27,2731,8280,6417,1114,108,4662,12,3725,1825,25,7737],"class_list":{"0":"post-524823","1":"post","2":"type-post","3":"status-publish","4":"format-standard","5":"has-post-thumbnail","7":"category-grenoble","8":"tag-actu","9":"tag-actualites","10":"tag-alpes","11":"tag-alpes1","12":"tag-auvergne-rhone-alpes","13":"tag-cds","14":"tag-cinema","15":"tag-ecoute","16":"tag-emission","17":"tag-equipe","18":"tag-eu","19":"tag-europe","20":"tag-fr","21":"tag-france","22":"tag-grenoble","23":"tag-haute","24":"tag-information","25":"tag-infos","26":"tag-isere","27":"tag-journal","28":"tag-news","29":"tag-podcast","30":"tag-radio","31":"tag-republique-francaise","32":"tag-winamp"},"share_on_mastodon":{"url":"https:\/\/pubeurope.com\/@fr\/115525285115654687","error":""},"_links":{"self":[{"href":"https:\/\/www.europesays.com\/fr\/wp-json\/wp\/v2\/posts\/524823","targetHints":{"allow":["GET"]}}],"collection":[{"href":"https:\/\/www.europesays.com\/fr\/wp-json\/wp\/v2\/posts"}],"about":[{"href":"https:\/\/www.europesays.com\/fr\/wp-json\/wp\/v2\/types\/post"}],"author":[{"embeddable":true,"href":"https:\/\/www.europesays.com\/fr\/wp-json\/wp\/v2\/users\/2"}],"replies":[{"embeddable":true,"href":"https:\/\/www.europesays.com\/fr\/wp-json\/wp\/v2\/comments?post=524823"}],"version-history":[{"count":0,"href":"https:\/\/www.europesays.com\/fr\/wp-json\/wp\/v2\/posts\/524823\/revisions"}],"wp:featuredmedia":[{"embeddable":true,"href":"https:\/\/www.europesays.com\/fr\/wp-json\/wp\/v2\/media\/524824"}],"wp:attachment":[{"href":"https:\/\/www.europesays.com\/fr\/wp-json\/wp\/v2\/media?parent=524823"}],"wp:term":[{"taxonomy":"category","embeddable":true,"href":"https:\/\/www.europesays.com\/fr\/wp-json\/wp\/v2\/categories?post=524823"},{"taxonomy":"post_tag","embeddable":true,"href":"https:\/\/www.europesays.com\/fr\/wp-json\/wp\/v2\/tags?post=524823"}],"curies":[{"name":"wp","href":"https:\/\/api.w.org\/{rel}","templated":true}]}}