{"id":524827,"date":"2025-11-10T11:59:12","date_gmt":"2025-11-10T11:59:12","guid":{"rendered":"https:\/\/www.europesays.com\/fr\/524827\/"},"modified":"2025-11-10T11:59:12","modified_gmt":"2025-11-10T11:59:12","slug":"ils-tournent-dans-des-salles-prestigieuses-deux-directeurs-de-theatre-de-rennes-rencontrent-le-succes-en-asie","status":"publish","type":"post","link":"https:\/\/www.europesays.com\/fr\/524827\/","title":{"rendered":"Ils tournent dans des salles prestigieuses : deux directeurs de th\u00e9\u00e2tre de Rennes rencontrent le succ\u00e8s en Asie"},"content":{"rendered":"<p>L\u2019automne s\u2019est par\u00e9 de teintes orientales pour les patrons de deux grandes salles de Rennes M\u00e9tropole, ainsi que leurs com\u00e9diens et \u00e9quipes. Vincent Collet, vice-pr\u00e9sident de l\u2019Aire libre (Saint-Jacques), revenait d\u2019une tourn\u00e9e th\u00e9\u00e2trale au Japon presque au moment o\u00f9 Arthur Nauzyciel, qui dirige le TNB, s\u2019envolait pour la Chine.<\/p>\n<p>Une semaine et demie avant la cl\u00f4ture de l\u2018exposition universelle d\u2019Osaka (Japon), Le Joli Collectif jouait au pavillon fran\u00e7ais, le 3 octobre, la pi\u00e8ce \u00ab Aveugles, ou comment se donner du courage pour agir ensemble \u00bb. Le Joli Collectif est \u00e0 la t\u00eate de la salle de l\u2019Aire libre, \u00e0 Saint-Jacques-de-la-Lande. Son directeur, Vincent Collet, a mis en sc\u00e8ne la pi\u00e8ce jou\u00e9e devant le public nippon. Elle \u00e9tait surtitr\u00e9e en anglais et en japonais. Outre l\u2019exposition universelle, les com\u00e9diens ont jou\u00e9 au Th\u00e9\u00e2tre E9 \u00e0 Ky\u00f4to, ainsi qu\u2019\u00e0 Sendai (ville jumel\u00e9e avec Rennes).<\/p>\n<p>\u00ab La pi\u00e8ce interroge la place de l\u2019individu dans le groupe ou la remise en question des r\u00e8gles, des sujets presque tabous au Japon \u00bb, explique Vincent Collet qui se r\u00e9jouit de l\u2019accueil re\u00e7u. A tel point qu\u2019il envisage de futures collaborations dans l\u2019Archipel. \u00ab J\u2019ai commenc\u00e9 un projet sur le tremblement de terre de la p\u00e9ninsule de Noto. J\u2019ai rencontr\u00e9 des gens qui l\u2019ont v\u00e9cu, et une universitaire de Kanazawa qui a interview\u00e9 des rescap\u00e9s. \u00bb<\/p>\n<p>Jean Genet \u00e0 P\u00e9kin<\/p>\n<p>Un peu plus \u00e0 l\u2019ouest, Arthur Nauzyciel a \u00e0 son tour port\u00e9 une touche rennaise en Asie cet automne. En Chine, plus pr\u00e9cis\u00e9ment. \u00c0 l\u2019invitation de trois grands festivals, le com\u00e9dien, metteur en sc\u00e8ne et directeur du Th\u00e9\u00e2tre national de Bretagne a entrepris une tourn\u00e9e avec trois de ses spectacles phares. Dont \u00ab Mes fr\u00e8res \u00bb au Wuzhen Theatre Festival et \u00ab Les Paravents \u00bb de Jean Genet au People\u2018\u00a0s Art Theatre International Drama Festival \u00e0 P\u00e9kin. Le troisi\u00e8me, \u00ab L\u2019Empire des lumi\u00e8res \u00bb au Hong Kong Arts Festival, sera jou\u00e9 en mars 2026.<\/p>\n<p>\u00ab Cette tourn\u00e9e est la concr\u00e9tisation d\u2019un travail de d\u00e9veloppement et de coop\u00e9ration men\u00e9 \u00e0 l\u2019international par le TNB \u00bb, souligne l\u2019institution culturelle rennaise.<\/p>\n","protected":false},"excerpt":{"rendered":"L\u2019automne s\u2019est par\u00e9 de teintes orientales pour les patrons de deux grandes salles de Rennes M\u00e9tropole, ainsi que&hellip;\n","protected":false},"author":2,"featured_media":524828,"comment_status":"","ping_status":"","sticky":false,"template":"","format":"standard","meta":{"footnotes":""},"categories":[2821],"tags":[1111,11,829,3173,1777,674,1011,27,12,584,25],"class_list":{"0":"post-524827","1":"post","2":"type-post","3":"status-publish","4":"format-standard","5":"has-post-thumbnail","7":"category-rennes","8":"tag-actu","9":"tag-actualites","10":"tag-bretagne","11":"tag-culture-a-rennes","12":"tag-eu","13":"tag-europe","14":"tag-fr","15":"tag-france","16":"tag-news","17":"tag-rennes","18":"tag-republique-francaise"},"share_on_mastodon":{"url":"https:\/\/pubeurope.com\/@fr\/115525292169120315","error":""},"_links":{"self":[{"href":"https:\/\/www.europesays.com\/fr\/wp-json\/wp\/v2\/posts\/524827","targetHints":{"allow":["GET"]}}],"collection":[{"href":"https:\/\/www.europesays.com\/fr\/wp-json\/wp\/v2\/posts"}],"about":[{"href":"https:\/\/www.europesays.com\/fr\/wp-json\/wp\/v2\/types\/post"}],"author":[{"embeddable":true,"href":"https:\/\/www.europesays.com\/fr\/wp-json\/wp\/v2\/users\/2"}],"replies":[{"embeddable":true,"href":"https:\/\/www.europesays.com\/fr\/wp-json\/wp\/v2\/comments?post=524827"}],"version-history":[{"count":0,"href":"https:\/\/www.europesays.com\/fr\/wp-json\/wp\/v2\/posts\/524827\/revisions"}],"wp:featuredmedia":[{"embeddable":true,"href":"https:\/\/www.europesays.com\/fr\/wp-json\/wp\/v2\/media\/524828"}],"wp:attachment":[{"href":"https:\/\/www.europesays.com\/fr\/wp-json\/wp\/v2\/media?parent=524827"}],"wp:term":[{"taxonomy":"category","embeddable":true,"href":"https:\/\/www.europesays.com\/fr\/wp-json\/wp\/v2\/categories?post=524827"},{"taxonomy":"post_tag","embeddable":true,"href":"https:\/\/www.europesays.com\/fr\/wp-json\/wp\/v2\/tags?post=524827"}],"curies":[{"name":"wp","href":"https:\/\/api.w.org\/{rel}","templated":true}]}}