{"id":524829,"date":"2025-11-10T12:00:20","date_gmt":"2025-11-10T12:00:20","guid":{"rendered":"https:\/\/www.europesays.com\/fr\/524829\/"},"modified":"2025-11-10T12:00:20","modified_gmt":"2025-11-10T12:00:20","slug":"des-ultras-de-nantes-attaquent-des-supporters-du-stade-rennais-en-pleine-nuit-apres-le-match-face-au-paris-fc","status":"publish","type":"post","link":"https:\/\/www.europesays.com\/fr\/524829\/","title":{"rendered":"Des ultras de Nantes attaquent des supporters du Stade Rennais en pleine nuit apr\u00e8s le match face au Paris FC"},"content":{"rendered":"<p>            Par<br \/>\n        <strong><br \/>\n            <a href=\"https:\/\/actu.fr\/auteur\/clemence-pays02-actu-fr\" title=\"Consulter tous les articles de Cl\u00e9mence Pays\" rel=\"nofollow noopener\" target=\"_blank\">Cl\u00e9mence Pays<\/a><br \/>\n        <\/strong><\/p>\n<p>        Publi\u00e9 le<\/p>\n<p>            10 nov. 2025 \u00e0 12h03        <\/p>\n<p>La victoire du <a href=\"https:\/\/actu.fr\/tag\/stade-rennais\" rel=\"nofollow noopener\" target=\"_blank\">Stade Rennais<\/a> face au Paris FC, vendredi 7\u00a0novembre 2025, a \u00e9t\u00e9 quelque peu ternie par des affrontements \u00e0 <a href=\"https:\/\/actu.fr\/rennes\/\" rel=\"nofollow noopener\" target=\"_blank\">Rennes<\/a>. En effet, alors que les supporters des Rouge et Noir et membres du <strong>Roazhon Celtic Kop<\/strong> (RCK) rentraient en bus de la capitale vers Rennes, des dizaines d\u2019<a href=\"https:\/\/actu.fr\/tag\/fc-nantes\" rel=\"nofollow noopener\" target=\"_blank\">ultras de Nantes<\/a> les attendaient.<\/p>\n<p class=\" wall-content\">Selon <a href=\"https:\/\/www.ouest-france.fr\/sport\/football\/stade-rennais\/un-guet-apens-des-dizaines-dultras-du-fc-nantes-attaquent-des-supporters-rennais-a-leur-retour-de-paris-453f686e-bc8c-11f0-9782-2e849b0bafb0\" rel=\"nofollow noopener\" target=\"_blank\">Ouest-France<\/a>, c\u2019est \u00e0 4h, dans la nuit du vendredi au samedi, que les supporters rennais sont arriv\u00e9s sur le parking du <a href=\"https:\/\/actu.fr\/tag\/roazhon-park\" rel=\"nofollow noopener\" target=\"_blank\">Roazhon Park<\/a>. Alors qu\u2019ils descendent du v\u00e9hicule, <strong>\u00ab\u2009des Nantais s\u2019en sont pris \u00e0 eux\u2009\u00bb,<\/strong> explique une source polici\u00e8re \u00e0 actu Rennes.<\/p>\n<p class=\" wall-content\">Une <strong>rixe<\/strong> a alors \u00e9clat\u00e9 entre Rennais et Nantais, n\u00e9cessitant <strong>l\u2019intervention des forces de l\u2019ordre.<\/strong><\/p>\n<p>Six personnes interpell\u00e9es<\/p>\n<p class=\" wall-content\"><strong>\u00ab\u2009Six personnes ont \u00e9t\u00e9 interpell\u00e9es\u2009\u00bb,<\/strong> poursuit cette m\u00eame source. Ces supporters nantais ont \u00e9t\u00e9 plac\u00e9s en garde \u00e0 vue, qui a depuis pris fin.<\/p>\n<p class=\" wall-content\">\u00ab\u2009Une <strong>enqu\u00eate<\/strong> se poursuit.\u2009\u00bb<\/p>\n<p class=\" wall-content\">Sollicit\u00e9 \u00e0 ce sujet, le parquet de Rennes n\u2019a pas r\u00e9pondu \u00e0 notre demande \u00e0 l\u2019heure o\u00f9 nous publions ces lignes.<\/p>\n<p class=\" wall-content\">Personnalisez votre actualit\u00e9 en ajoutant vos villes et m\u00e9dias en favori avec <a href=\"https:\/\/moncompte.actu.fr\" title=\"D\u00e9couvez Mon Actu\" rel=\"nofollow noopener\" data-trk=\"{&quot;cta&quot;:{&quot;action&quot;:&quot;https:\\\/\\\/moncompte.actu.fr&quot;,&quot;category&quot;:&quot;mon compte&quot;,&quot;from&quot;:&quot;article footer&quot;,&quot;name&quot;:&quot;Mon actu&quot;,&quot;type&quot;:&quot;cta&quot;}}\" target=\"_blank\">Mon Actu<\/a>.<\/p>\n","protected":false},"excerpt":{"rendered":"Par Cl\u00e9mence Pays Publi\u00e9 le 10 nov. 2025 \u00e0 12h03 La victoire du Stade Rennais face au Paris&hellip;\n","protected":false},"author":2,"featured_media":295552,"comment_status":"","ping_status":"","sticky":false,"template":"","format":"standard","meta":{"footnotes":""},"categories":[2821],"tags":[1111,11,829,1777,674,118,462,1011,27,12,1072,584,25,3087],"class_list":{"0":"post-524829","1":"post","2":"type-post","3":"status-publish","4":"format-standard","5":"has-post-thumbnail","7":"category-rennes","8":"tag-actu","9":"tag-actualites","10":"tag-bretagne","11":"tag-eu","12":"tag-europe","13":"tag-faits-divers","14":"tag-fc-nantes","15":"tag-fr","16":"tag-france","17":"tag-news","18":"tag-police","19":"tag-rennes","20":"tag-republique-francaise","21":"tag-stade-rennais"},"share_on_mastodon":{"url":"https:\/\/pubeurope.com\/@fr\/115525296088986925","error":""},"_links":{"self":[{"href":"https:\/\/www.europesays.com\/fr\/wp-json\/wp\/v2\/posts\/524829","targetHints":{"allow":["GET"]}}],"collection":[{"href":"https:\/\/www.europesays.com\/fr\/wp-json\/wp\/v2\/posts"}],"about":[{"href":"https:\/\/www.europesays.com\/fr\/wp-json\/wp\/v2\/types\/post"}],"author":[{"embeddable":true,"href":"https:\/\/www.europesays.com\/fr\/wp-json\/wp\/v2\/users\/2"}],"replies":[{"embeddable":true,"href":"https:\/\/www.europesays.com\/fr\/wp-json\/wp\/v2\/comments?post=524829"}],"version-history":[{"count":0,"href":"https:\/\/www.europesays.com\/fr\/wp-json\/wp\/v2\/posts\/524829\/revisions"}],"wp:featuredmedia":[{"embeddable":true,"href":"https:\/\/www.europesays.com\/fr\/wp-json\/wp\/v2\/media\/295552"}],"wp:attachment":[{"href":"https:\/\/www.europesays.com\/fr\/wp-json\/wp\/v2\/media?parent=524829"}],"wp:term":[{"taxonomy":"category","embeddable":true,"href":"https:\/\/www.europesays.com\/fr\/wp-json\/wp\/v2\/categories?post=524829"},{"taxonomy":"post_tag","embeddable":true,"href":"https:\/\/www.europesays.com\/fr\/wp-json\/wp\/v2\/tags?post=524829"}],"curies":[{"name":"wp","href":"https:\/\/api.w.org\/{rel}","templated":true}]}}