{"id":524830,"date":"2025-11-10T12:01:17","date_gmt":"2025-11-10T12:01:17","guid":{"rendered":"https:\/\/www.europesays.com\/fr\/524830\/"},"modified":"2025-11-10T12:01:17","modified_gmt":"2025-11-10T12:01:17","slug":"strasbourg-les-winstubs-saint-sepulcre-yvonne-tire-bouchon-et-armes-de-strasbourg-changent-de-mains","status":"publish","type":"post","link":"https:\/\/www.europesays.com\/fr\/524830\/","title":{"rendered":"Strasbourg. Les winstubs Saint-S\u00e9pulcre, Yvonne, Tire-Bouchon et Armes de Strasbourg changent de mains"},"content":{"rendered":"<p>Le pr\u00e9sident du groupe Salpa restauration (Soci\u00e9t\u00e9 alsacienne de participations agro-alimentaires), Fran\u00e7ois de Bretagne, a l\u00e2ch\u00e9 le morceau dans une interview au m\u00e9dia sp\u00e9cialis\u00e9 en ligne Bouillantes , confirmant une information dont les Derni\u00e8res Nouvelles d\u2019Alsace avaient connaissance. Salpa est sur le point de vendre quatre winstubs historiques, dont il est propri\u00e9taire, au groupe strasbourgeois Trasco de Jean-No\u00ebl Dron.<\/p>\n<p>Salpa est une filiale de la holding Omnia, propri\u00e9t\u00e9 de la famille Burrus, et poss\u00e8de les marques de <a href=\"https:\/\/www.dna.fr\/culture-loisirs\/2023\/10\/28\/les-secrets-du-chocolat-huit-mois-de-festivites-pour-les-20-ans-du-site-de-l-usine-schaal\" target=\"_blank\" rel=\"noopener\">chocolats&#8230;<\/a><\/p>\n","protected":false},"excerpt":{"rendered":"Le pr\u00e9sident du groupe Salpa restauration (Soci\u00e9t\u00e9 alsacienne de participations agro-alimentaires), Fran\u00e7ois de Bretagne, a l\u00e2ch\u00e9 le morceau&hellip;\n","protected":false},"author":2,"featured_media":524831,"comment_status":"","ping_status":"","sticky":false,"template":"","format":"standard","meta":{"footnotes":""},"categories":[2820],"tags":[1111,11,4406,130,1687,33,2880,1777,674,107,1011,27,775,6016,12,25,104,640,2879,602],"class_list":{"0":"post-524830","1":"post","2":"type-post","3":"status-publish","4":"format-standard","5":"has-post-thumbnail","7":"category-strasbourg","8":"tag-actu","9":"tag-actualites","10":"tag-commerce-et-services","11":"tag-consommation","12":"tag-culture-loisirs","13":"tag-economie","14":"tag-edition-strasbourg","15":"tag-eu","16":"tag-europe","17":"tag-fil-info","18":"tag-fr","19":"tag-france","20":"tag-grand-est","21":"tag-magazine-cuisine-et-vins","22":"tag-news","23":"tag-republique-francaise","24":"tag-societe","25":"tag-strasbourg","26":"tag-strasbourg-ville","27":"tag-tourisme"},"share_on_mastodon":{"url":"https:\/\/pubeurope.com\/@fr\/115525300136526382","error":""},"_links":{"self":[{"href":"https:\/\/www.europesays.com\/fr\/wp-json\/wp\/v2\/posts\/524830","targetHints":{"allow":["GET"]}}],"collection":[{"href":"https:\/\/www.europesays.com\/fr\/wp-json\/wp\/v2\/posts"}],"about":[{"href":"https:\/\/www.europesays.com\/fr\/wp-json\/wp\/v2\/types\/post"}],"author":[{"embeddable":true,"href":"https:\/\/www.europesays.com\/fr\/wp-json\/wp\/v2\/users\/2"}],"replies":[{"embeddable":true,"href":"https:\/\/www.europesays.com\/fr\/wp-json\/wp\/v2\/comments?post=524830"}],"version-history":[{"count":0,"href":"https:\/\/www.europesays.com\/fr\/wp-json\/wp\/v2\/posts\/524830\/revisions"}],"wp:featuredmedia":[{"embeddable":true,"href":"https:\/\/www.europesays.com\/fr\/wp-json\/wp\/v2\/media\/524831"}],"wp:attachment":[{"href":"https:\/\/www.europesays.com\/fr\/wp-json\/wp\/v2\/media?parent=524830"}],"wp:term":[{"taxonomy":"category","embeddable":true,"href":"https:\/\/www.europesays.com\/fr\/wp-json\/wp\/v2\/categories?post=524830"},{"taxonomy":"post_tag","embeddable":true,"href":"https:\/\/www.europesays.com\/fr\/wp-json\/wp\/v2\/tags?post=524830"}],"curies":[{"name":"wp","href":"https:\/\/api.w.org\/{rel}","templated":true}]}}