{"id":524832,"date":"2025-11-10T12:02:12","date_gmt":"2025-11-10T12:02:12","guid":{"rendered":"https:\/\/www.europesays.com\/fr\/524832\/"},"modified":"2025-11-10T12:02:12","modified_gmt":"2025-11-10T12:02:12","slug":"strasbourg-la-grande-nuit-de-lhumour-une-premiere-edition-poilante","status":"publish","type":"post","link":"https:\/\/www.europesays.com\/fr\/524832\/","title":{"rendered":"Strasbourg. La Grande nuit de l\u2019humour, une premi\u00e8re \u00e9dition poilante"},"content":{"rendered":"<p>C\u2019est le fruit d\u2019un an et demi de travail que les Strasbourgeois ont d\u00e9couvert vendredi soir dans le temple de la SIG. \u00ab\u00a0L\u2019id\u00e9e vient de Christophe Schalck (pr\u00e9sident de Top Music et Mediarun, ainsi que de la holding de la SIG Strasbourg, ndlr) qui est venu me voir \u00e0 Avignon en 2024. Il me demande\u00a0: \u201cSi on montait un petit festival de l\u2019humour \u00e0 Strasbourg\u00a0?\u201d \u00a0\u00bb, confie d\u2019entr\u00e9e sur sc\u00e8ne Antonia de Rendinger, directrice artistique de l\u2019\u00e9v\u00e9nement et ma\u00eetresse de c\u00e9r\u00e9monie.<\/p>\n<p>Sous la forme d\u2019une soir\u00e9e unique, <a href=\"https:\/\/www.dna.fr\/culture-loisirs\/2025\/11\/02\/a-strasbourg-une-grande-nuit-de-l-humour-animee-par-antonia-de-rendinger\" target=\"_blank\" rel=\"nofollow noopener\">La Grande nuit de l\u2019humour<\/a> vient combler le vide laiss\u00e9 par l\u2019arr\u00eat de Dr\u00f4le de Z\u00e8bre apr\u00e8s le Covid-19 et entend s\u2019installer comme un temps fort de l\u2019humour \u00e0 Strasbourg.<\/p>\n<p>  Des \u00e9toiles montantes de l\u2019humour s\u2019emparent du c\u00e9libat et du couple<\/p>\n<p>\u00c9douard Deloignon, jeune talent normand pl\u00e9biscit\u00e9 sur les r\u00e9seaux sociaux, ouvre la soir\u00e9e avec un humour trash, Laura Domenge, chroniqueuse sur France Inter, \u00e9voque sans complaisance la maternit\u00e9 qui s\u2019annonce, Karim Duval, \u00e9galement chroniqueur de France Inter, d\u00e9nonce l\u2019engouement pour l\u2019intelligence artificielle, tandis que <a href=\"https:\/\/www.dna.fr\/culture-loisirs\/2025\/03\/03\/un-voyage-dans-le-temps-avec-le-mentaliste-viktor-vincent-a-l-eden\" target=\"_blank\" rel=\"nofollow noopener\">Viktor Vincent<\/a> , raconteur d\u2019histoires fascin\u00e9 par le monde de l\u2019illusion, op\u00e8re des num\u00e9ros de mentalisme.<\/p>\n<p>Sabrine Zayani et \u00c9lodie Arnould, toutes deux \u00e9toiles montantes de l\u2019humour, s\u2019emparent du c\u00e9libat et du couple, avec la m\u00eame autod\u00e9rision f\u00e9roce.<\/p>\n<p>Place ensuite \u00e0 Mahaut Drama qui distille son humour incisif et \u00e9loquent au bonheur de ses fans, tout comme Mathieu Mad\u00e9nian, absolument d\u00e9sopilant dans l\u2019\u00e9vocation de ses nouvelles aventures paternelles, ou Alex Ramir\u00e8s, qui analyse le couple avec panache.<\/p>\n<p>Figure incontournable de l\u2019humour depuis plus de trente ans, <a href=\"https:\/\/www.dna.fr\/culture-loisirs\/2025\/11\/03\/anne-roumanoff-livre-sur-scene-son-experience-de-la-vie\" target=\"_blank\" rel=\"nofollow noopener\">Anne Roumanoff<\/a> diss\u00e8que au scalpel l\u2019\u00e9cart g\u00e9n\u00e9rationnel entre boomers et g\u00e9n\u00e9ration Z, estampill\u00e9e woke, puis Oldelaf donne voix \u00e0 sa c\u00e9l\u00e9brissime Tristitude.<\/p>\n<p>Et, c\u2019est \u00e0 la ma\u00eetresse de c\u00e9r\u00e9monie de cl\u00f4turer cette premi\u00e8re soir\u00e9e d\u00e9di\u00e9e \u00e0 l\u2019humour. En combinaison \u00e0 paillettes, Antonia de Rendinger qui offre, en couronnement de cette folle soir\u00e9e, sa c\u00e9l\u00e8bre \u00ab\u00a0\u00c9pilation\u00a0\u00bb. Vivement l\u2019ann\u00e9e prochaine.<\/p>\n","protected":false},"excerpt":{"rendered":"C\u2019est le fruit d\u2019un an et demi de travail que les Strasbourgeois ont d\u00e9couvert vendredi soir dans le&hellip;\n","protected":false},"author":2,"featured_media":524833,"comment_status":"","ping_status":"","sticky":false,"template":"","format":"standard","meta":{"footnotes":""},"categories":[2820],"tags":[1111,11,2389,1687,2880,1777,674,107,1011,27,775,12,25,3140,640,2879],"class_list":{"0":"post-524832","1":"post","2":"type-post","3":"status-publish","4":"format-standard","5":"has-post-thumbnail","7":"category-strasbourg","8":"tag-actu","9":"tag-actualites","10":"tag-alsace","11":"tag-culture-loisirs","12":"tag-edition-strasbourg","13":"tag-eu","14":"tag-europe","15":"tag-fil-info","16":"tag-fr","17":"tag-france","18":"tag-grand-est","19":"tag-news","20":"tag-republique-francaise","21":"tag-spectacle","22":"tag-strasbourg","23":"tag-strasbourg-ville"},"share_on_mastodon":{"url":"https:\/\/pubeurope.com\/@fr\/115525304038326948","error":""},"_links":{"self":[{"href":"https:\/\/www.europesays.com\/fr\/wp-json\/wp\/v2\/posts\/524832","targetHints":{"allow":["GET"]}}],"collection":[{"href":"https:\/\/www.europesays.com\/fr\/wp-json\/wp\/v2\/posts"}],"about":[{"href":"https:\/\/www.europesays.com\/fr\/wp-json\/wp\/v2\/types\/post"}],"author":[{"embeddable":true,"href":"https:\/\/www.europesays.com\/fr\/wp-json\/wp\/v2\/users\/2"}],"replies":[{"embeddable":true,"href":"https:\/\/www.europesays.com\/fr\/wp-json\/wp\/v2\/comments?post=524832"}],"version-history":[{"count":0,"href":"https:\/\/www.europesays.com\/fr\/wp-json\/wp\/v2\/posts\/524832\/revisions"}],"wp:featuredmedia":[{"embeddable":true,"href":"https:\/\/www.europesays.com\/fr\/wp-json\/wp\/v2\/media\/524833"}],"wp:attachment":[{"href":"https:\/\/www.europesays.com\/fr\/wp-json\/wp\/v2\/media?parent=524832"}],"wp:term":[{"taxonomy":"category","embeddable":true,"href":"https:\/\/www.europesays.com\/fr\/wp-json\/wp\/v2\/categories?post=524832"},{"taxonomy":"post_tag","embeddable":true,"href":"https:\/\/www.europesays.com\/fr\/wp-json\/wp\/v2\/tags?post=524832"}],"curies":[{"name":"wp","href":"https:\/\/api.w.org\/{rel}","templated":true}]}}