{"id":524837,"date":"2025-11-10T12:05:19","date_gmt":"2025-11-10T12:05:19","guid":{"rendered":"https:\/\/www.europesays.com\/fr\/524837\/"},"modified":"2025-11-10T12:05:19","modified_gmt":"2025-11-10T12:05:19","slug":"movember-ce-sont-des-cancers-qui-se-soignent-bien-a-condition-detre-pris-en-charge-tot","status":"publish","type":"post","link":"https:\/\/www.europesays.com\/fr\/524837\/","title":{"rendered":"Movember : \u00ab\u00a0ce sont des cancers qui se soignent bien \u00e0 condition d&rsquo;\u00eatre pris en charge t\u00f4t\u00a0\u00bb"},"content":{"rendered":"<p class=\"block date\" id=\"dateEtAuteur\">Publi\u00e9 : 12h05 &#8211; Modifi\u00e9 : 12h08 Dolor\u00e8s  CHARLES <\/p>\n<p><img decoding=\"async\" class=\"\" style=\"width:100%\" src=\"https:\/\/www.europesays.com\/fr\/wp-content\/uploads\/2025\/11\/testicles_2790218_12801762771181708.jpg\" alt=\"Mois de sensibilisation \u00e0 la sant\u00e9 masculine\"\/><\/p>\n<p>Mois de sensibilisation \u00e0 la sant\u00e9 masculine<\/p>\n<p>Cr\u00e9dit : Pixabay<\/p>\n<p>Le Mois de sensibilisation au d\u00e9pistage des cancers masculins a d\u00e9marr\u00e9. A Nantes, l&rsquo;h\u00f4pital priv\u00e9 du Confluent annonce pour l&rsquo;occasion la cr\u00e9ation d&rsquo;un centre d&rsquo;urologie, sp\u00e9cialis\u00e9 notamment dans la prise en charge des cancers. Un barbier \u00e9ph\u00e9m\u00e8re est pr\u00e9vu le 14 novembre sur place. <\/p>\n<p>Apr\u00e8s <a href=\"https:\/\/hitwest.ouest-france.fr\/octobre-rose-les-femmes-doivent-regarder-leurs-seins\" rel=\"noopener nofollow\" target=\"_blank\">Octobre rose<\/a>, place \u00e0 <strong>Novembre bleu, le mois de sensibilisation \u00e0 la sant\u00e9 masculine. <\/strong>Appel\u00e9 aussi <a href=\"https:\/\/fr.movember.com\/\" rel=\"noopener nofollow\" target=\"_blank\">Movember<\/a>, ce mouvement vise \u00e0 d\u00e9mocratiser le d\u00e9pistage des cancers masculins, mais quels sont-ils ? On pense au cancer de la prostate ou du testicule, mais il y a plus rare le cancer du p\u00e9nis.<\/p>\n<p>\u00a0<\/p>\n<blockquote><p>\nComment se d\u00e9roulent les op\u00e9rations de d\u00e9pistage ?\n<\/p><\/blockquote>\n<p>\u00a0<\/p>\n<p>H\u00e9l\u00e8ne Hamon a joint le Dr Brice Muller, urologue \u00e0 l\u2019h\u00f4pital priv\u00e9 du Confluent \u00e0 Nantes. L&rsquo;\u00e9tablissement a cr\u00e9\u00e9 un centre d&rsquo;urologie, sp\u00e9cialis\u00e9 notamment dans la prise en charge de ces cancers. Cette initiative s\u2019accompagne d\u2019un programme d\u2019actions de pr\u00e9vention, destin\u00e9 au grand public, tout au long du mois de novembre, et des consultations de d\u00e9pistage sont propos\u00e9es.<\/p>\n<p>\u00ab\u00a0<strong>En ce qui concerne le d\u00e9pistage du cancer du testicule, ce n&rsquo;est pas un d\u00e9pistage \u00e0 proprement parler, c&rsquo;est plus une surveillance individuelle qui se fait par autopalpation. <\/strong>Lorsqu&rsquo;on se lave sous la douche, il faut palper les testicules, si jamais un nodule ou une masse appara\u00eet, le fait de l&rsquo;avoir examin\u00e9 r\u00e9guli\u00e8rement fait qu&rsquo;on s&rsquo;en rendra compte imm\u00e9diatement. <\/p>\n<p>Au niveau de la prostate, c&rsquo;est un peu diff\u00e9rent puisque c&rsquo;est une surveillance qui va \u00eatre essentiellement biologique par une prise de sang. C&rsquo;est un marqueur qu&rsquo;on appelle le PSA, qui est un marqueur \u00e0 la fois sp\u00e9cifique \u00e0 la prostate, mais qui n&rsquo;est pas du tout sp\u00e9cifique du cancer de prostate. C&rsquo;est une prise de sang, qui peut \u00eatre propos\u00e9e chez les hommes \u00e0 partir de 50 ans par les m\u00e9decins g\u00e9n\u00e9ralistes, et qui va permettre \u00e9ventuellement de d\u00e9clencher un signal d&rsquo;alerte, qui peut conduire \u00e0 une consultation sp\u00e9cialis\u00e9e. <strong>Un PSA \u00e9lev\u00e9 ne signifie pas qu&rsquo;il y a un cancer derri\u00e8re, mais \u00e7a justifie effectivement un bilan urologique.<\/strong>\u00ab\u00a0<\/p>\n<p>Dr Brice Muller, urologue \u00e0 l\u2019h\u00f4pital priv\u00e9 du Confluent \u00e0 NantesDr Brice Muller, urologue \u00e0 l\u2019h\u00f4pital priv\u00e9 du Confluent \u00e0 Nantes<\/p>\n<p>Cr\u00e9dit : H\u00e9l\u00e8ne Hamon<\/p>\n<blockquote><p>\n\u00a0\u00ab\u00a0Ce sont des cancers qui se soignent bien \u00e0 condition d&rsquo;\u00eatre pris en charge t\u00f4t\u00a0\u00bb\n<\/p><\/blockquote>\n<p><strong>\u00ab\u00a0Le cancer de la prostate est le cancer le plus fr\u00e9quent chez l&rsquo;homme. Le cancer du testicule, lui, est moins fr\u00e9quent, mais va toucher une population plus jeune, entre 15 et 30 ans. <\/strong>Et tout ce mois de sensibilisation s&rsquo;adresse aux plus jeunes qui parfois ne consultent pas ou trop tardivement parce que justement, il y a une g\u00eane ou une pudeur. Ce sont des cancers qui se soignent bien \u00e0 condition d&rsquo;\u00eatre pris en charge t\u00f4t. C&rsquo;est surtout vrai pour le cancer de prostate qui est une maladie avec deux visages : un cancer localis\u00e9 qui va \u00e9voluer lentement, qui va donner peu de sympt\u00f4mes et qui, effectivement, est totalement curable \u00e0 ce moment-l\u00e0.<\/p>\n<p> Et plus tardivement, quand le cancer d\u00e9borde de la prostate, il va avoir une \u00e9volution qui va s&rsquo;acc\u00e9l\u00e9rer, explique Dr Brice Muller, urologue \u00e0 Nantes. C&rsquo;est pour \u00e7a que le d\u00e9pistage est important puisqu&rsquo;il va nous permettre d&rsquo;identifier ces foyers canc\u00e9reux justement au stade o\u00f9 on peut les traiter efficacement.\u00a0\u00bb<\/p>\n<p>Dr Brice Muller, urologue \u00e0 l\u2019h\u00f4pital priv\u00e9 du Confluent \u00e0 NantesDr Brice Muller, urologue \u00e0 l\u2019h\u00f4pital priv\u00e9 du Confluent \u00e0 Nantes<img decoding=\"async\" class=\"\" style=\"width:100%\" src=\"https:\/\/www.europesays.com\/fr\/wp-content\/uploads\/2025\/11\/blue_ribbon_3778232_12801762772868548.jpg\" alt=\"Ruban bleu\"\/> <\/p>\n<p>\u00ab\u00a0Jusqu&rsquo;\u00e0 maintenant, poursuit le Dr Muller, on avait un stand \u00e0 la clinique o\u00f9 on pouvait accueillir le grand public et \u00e9changer autour de toute cette th\u00e9matique, mais on s&rsquo;est rendu compte qu&rsquo;il y avait une barri\u00e8re li\u00e9e au cadre, c&rsquo;est \u00e0 dire le fait d&rsquo;\u00e9changer dans un espace public limitait un peu les \u00e9changes par manque d&rsquo;intimit\u00e9. Et effectivement,<strong> si on propose ces consultations gratuites, c&rsquo;est pour recevoir les patients dans des cadres beaucoup plus intimes et leur d\u00e9livrer globalement la m\u00eame information, mais de fa\u00e7on plus personnalis\u00e9e.\u00a0\u00bb<\/strong><\/p>\n<p>Dr Brice Muller, urologue \u00e0 l\u2019h\u00f4pital priv\u00e9 du Confluent \u00e0 NantesDr Brice Muller, urologue \u00e0 l\u2019h\u00f4pital priv\u00e9 du Confluent \u00e0 Nantes <\/p>\n<p><img loading=\"lazy\" decoding=\"async\" style=\"display: block; margin-left: auto; margin-right: auto;\" src=\"https:\/\/www.europesays.com\/fr\/wp-content\/uploads\/2025\/11\/TwcXsVHjlB.png\" alt=\"\" width=\"400\" height=\"557\"\/><\/p>\n<p>\u00a0<\/p>\n<p>En novembre, le Confluent propose des consultations de d\u00e9pistage gratuites pour lutter contre les diagnostics trop tardifs chez les hommes.<\/p>\n<p><strong>Un salon de barbier \u00e9ph\u00e9m\u00e8re est ouvert aussi \u00e0 tous le 24 novembre <\/strong>: classique, pointue, fourchue, tendance\u2026 quel sera votre style de moustache pour, vous aussi, soutenir et attirer l\u2019attention sur la sant\u00e9 masculine ?\u00a0 Il faut s\u2019inscrire au pr\u00e9alable sur le site <a href=\"https:\/\/www.billetweb.fr\/movember-hpc\" rel=\"nofollow noopener\" target=\"_blank\">\u00a0https:\/\/www.billetweb.fr\/movember-hpc<\/a><\/p>\n","protected":false},"excerpt":{"rendered":"Publi\u00e9 : 12h05 &#8211; Modifi\u00e9 : 12h08 Dolor\u00e8s CHARLES Mois de sensibilisation \u00e0 la sant\u00e9 masculine Cr\u00e9dit :&hellip;\n","protected":false},"author":2,"featured_media":524838,"comment_status":"","ping_status":"","sticky":false,"template":"","format":"standard","meta":{"footnotes":""},"categories":[2818],"tags":[1111,11,34460,101,24691,1777,674,1011,27,64478,766,12,2636,23178,25,64477],"class_list":{"0":"post-524837","1":"post","2":"type-post","3":"status-publish","4":"format-standard","5":"has-post-thumbnail","7":"category-nantes","8":"tag-actu","9":"tag-actualites","10":"tag-barbier","11":"tag-cancer","12":"tag-confluent","13":"tag-eu","14":"tag-europe","15":"tag-fr","16":"tag-france","17":"tag-movember","18":"tag-nantes","19":"tag-news","20":"tag-pays-de-la-loire","21":"tag-prostate","22":"tag-republique-francaise","23":"tag-testicule"},"share_on_mastodon":{"url":"https:\/\/pubeurope.com\/@fr\/115525316419676019","error":""},"_links":{"self":[{"href":"https:\/\/www.europesays.com\/fr\/wp-json\/wp\/v2\/posts\/524837","targetHints":{"allow":["GET"]}}],"collection":[{"href":"https:\/\/www.europesays.com\/fr\/wp-json\/wp\/v2\/posts"}],"about":[{"href":"https:\/\/www.europesays.com\/fr\/wp-json\/wp\/v2\/types\/post"}],"author":[{"embeddable":true,"href":"https:\/\/www.europesays.com\/fr\/wp-json\/wp\/v2\/users\/2"}],"replies":[{"embeddable":true,"href":"https:\/\/www.europesays.com\/fr\/wp-json\/wp\/v2\/comments?post=524837"}],"version-history":[{"count":0,"href":"https:\/\/www.europesays.com\/fr\/wp-json\/wp\/v2\/posts\/524837\/revisions"}],"wp:featuredmedia":[{"embeddable":true,"href":"https:\/\/www.europesays.com\/fr\/wp-json\/wp\/v2\/media\/524838"}],"wp:attachment":[{"href":"https:\/\/www.europesays.com\/fr\/wp-json\/wp\/v2\/media?parent=524837"}],"wp:term":[{"taxonomy":"category","embeddable":true,"href":"https:\/\/www.europesays.com\/fr\/wp-json\/wp\/v2\/categories?post=524837"},{"taxonomy":"post_tag","embeddable":true,"href":"https:\/\/www.europesays.com\/fr\/wp-json\/wp\/v2\/tags?post=524837"}],"curies":[{"name":"wp","href":"https:\/\/api.w.org\/{rel}","templated":true}]}}