{"id":524845,"date":"2025-11-10T12:09:10","date_gmt":"2025-11-10T12:09:10","guid":{"rendered":"https:\/\/www.europesays.com\/fr\/524845\/"},"modified":"2025-11-10T12:09:10","modified_gmt":"2025-11-10T12:09:10","slug":"un-festival-de-theatre-avec-six-troupes-a-laffiche-pendant-trois-jours-au-sud-est-de-toulouse","status":"publish","type":"post","link":"https:\/\/www.europesays.com\/fr\/524845\/","title":{"rendered":"un festival de th\u00e9\u00e2tre avec six troupes \u00e0 l&rsquo;affiche pendant trois jours au sud-est de Toulouse"},"content":{"rendered":"<p>            Par<br \/>\n        <strong><br \/>\n            <a href=\"https:\/\/actu.fr\/auteur\/valentine-gaxieu-actu-fr\" title=\"Consulter tous les articles de Valentine Gaxieu\" rel=\"nofollow noopener\" target=\"_blank\">Valentine Gaxieu<\/a><br \/>\n        <\/strong><\/p>\n<p>        Publi\u00e9 le<\/p>\n<p>            10 nov. 2025 \u00e0 12h46        <\/p>\n<p>Tous les ans, la Halle aux grains de <a href=\"https:\/\/actu.fr\/occitanie\/labastide-beauvoir_31249\" rel=\"nofollow noopener\" target=\"_blank\">Labastide-Beauvoir<\/a> se transforme en salle de spectacle pour accueillir, durant trois jours, des<b> troupes de th\u00e9\u00e2tre amateur<\/b>. La neuvi\u00e8me \u00e9dition du festival <a href=\"https:\/\/labastidebeauvoir31.foyersruraux.org\/actu-du-foyer-rural\/festival-theatre\/\" rel=\"nofollow noopener\" target=\"_blank\">Labastide en coulisses<\/a>, organis\u00e9 par le foyer rural de la commune, se tiendra du vendredi 14 au dimanche 16 novembre 2025.<\/p>\n<p class=\" wall-content\">L\u2019objectif de cet \u00e9v\u00e9nement est de \u00ab<b>\u2009mettre \u00e0 l\u2019honneur le th\u00e9\u00e2tre amateur\u2009\u00bb<\/b> dans un village o\u00f9 cette tradition perdure depuis les ann\u00e9es 60. \u00ab\u2009Il y a 10 ans, nous avons eu l\u2019id\u00e9e de cr\u00e9er cet <b>\u00e9v\u00e9nement de partage et de convivialit\u00e9<\/b> au mois de novembre, car c\u2019est une p\u00e9riode assez calme et morose. Puis \u00e7a donne l\u2019occasion aux troupes de se produire\u2009\u00bb, pr\u00e9sente <b>Patrick Crescence<\/b>, l\u2019un des organisateurs, aupr\u00e8s de <a href=\"https:\/\/actu.fr\/voix-du-midi-lauragais\/\" rel=\"nofollow noopener\" target=\"_blank\">Voix du Midi Lauragais<\/a>.<\/p>\n<p>Prix d\u2019entr\u00e9e libre<\/p>\n<p class=\" wall-content\">Parmi une trentaine de candidatures re\u00e7ues, l\u2019association a s\u00e9lectionn\u00e9 <b>six troupes de th\u00e9\u00e2tre amateur de la r\u00e9gion<\/b>. \u00ab\u2009Nous essayons de varier les genres, avec de la com\u00e9die, de l\u2019art dramatique\u2026\u2009\u00bb, explique Patrick Crescence.<\/p>\n<p class=\" wall-content\">Comme chaque ann\u00e9e, le prix sera libre. \u00ab\u2009\u00c0 l\u2019entr\u00e9e, les gens donneront ce qu\u2019ils veulent. On veut qu\u2019il y ait le plus de monde possible, <b>et non pas que le prix en freine certains<\/b>. Chacun donne ce qu\u2019il peut\u2009\u00bb, assure-t-il. Notons qu\u2019aucune r\u00e9servation n\u2019est n\u00e9cessaire.<\/p>\n<p class=\" wall-content\">Le dimanche, le festival prendra une <b>dimension solidaire<\/b> car l\u2019int\u00e9gralit\u00e9 des recettes sera vers\u00e9e, le jour m\u00eame, \u00e0 l\u2019association <a href=\"https:\/\/www.hopitalsourire.com\/\" rel=\"nofollow noopener\" target=\"_blank\">H\u00f4pital Sourire<\/a>, qui apporte du bien-\u00eatre aux enfants et aux personnes fragilis\u00e9es par l\u2019\u00e9preuve de la maladie.<\/p>\n<p>Vid\u00e9os : en ce moment sur ActuRencontres<\/p>\n<p class=\" wall-content\">Le week-end sera aussi marqu\u00e9 par le <b>repas du samedi soir<\/b>, \u00e0 19\u2009h (voir les infos pratiques en bas de l\u2019article) et d\u2019une <b>pause gourmande<\/b> le dimanche, \u00e0 16\u2009h. \u00ab\u2009C\u2019est l\u2019occasion pour le public <b>d\u2019\u00e9changer avec les troupes<\/b> et d\u2019en savoir davantage sur les coulisses de leur m\u00e9tier\u2009\u00bb, explique-t-il.<\/p>\n<p>Votre r\u00e9gion, votre actu !<\/p>\n<p>Recevez chaque jour les infos qui comptent pour vous.<\/p>\n<p>\t<a href=\"https:\/\/actu.fr\/newsletter\" class=\"ac-btn ac-btn--corner ac-btn--medium ac-btn--blue800\" rel=\"nofollow noopener\" target=\"_blank\">S&rsquo;incrire<\/a><\/p>\n<p class=\" wall-content\">Notons qu\u2019apr\u00e8s chaque prestation, un verre de l\u2019amiti\u00e9 est offert au public et aux acteurs afin de pouvoir favoriser les rencontres et \u00e9changes.<\/p>\n<p>Le programme<\/p>\n<p class=\" wall-content\">21\u2009h\u2009: Com\u00e9die polici\u00e8re et tout public Les Veuves anonymes (J\u00e9r\u00f4me Jalabert), par Les Planches \u00e0 l\u2019envers (1\u2009h\u200915).<\/p>\n<p class=\" wall-content\">14\u2009h\u200930\u2009: Com\u00e9die avec clown, humour et chants Les Torr\u00e9facteurs de r\u00eaves (Serge Mascheroni), par \u00catre et para\u00eetre (1\u2009h\u200920).<br \/>17\u2009h\u200930\u2009: Com\u00e9die (d\u00e8s 10\u00a0ans) \u00catre ou ne pas \u00eatre (cr\u00e9ation collective) par le Th\u00e9\u00e2tre en plain chant (1\u2009h\u200930).<br \/>19\u2009h\u2009: Repas ouvert \u00e0 tous<br \/>21\u2009h\u2009: Com\u00e9die soci\u00e9tale (d\u00e8s 10\u00a0ans) Jusqu\u2019\u00e0 n\u2019en plus pouvoir (St\u00e9phane Jaubertie) par \u00c0 fleur de mots (1\u2009h\u200920).<\/p>\n<p class=\" wall-content\">14\u2009h\u200930\u2009: Th\u00e9\u00e2tre contemporain (d\u00e8s 10\u00a0ans) Diplomatie (Cyril G\u00e9ly) par La R\u00e9plique (1\u2009h\u200915).<\/p>\n<p class=\" wall-content\">16\u2009h\u2009: Pause gourmande ouverte \u00e0 tous<br \/>17\u2009h\u2009: Com\u00e9die dramatique (d\u00e8s 12\u00a0ans) Un meilleur ami (Un meilleur ami) par la Compagnie Alter &amp; C\u00b0 (1\u2009h).<\/p>\n<p><b>Infos pratiques<\/b><br \/>Labastide en coulisses, du vendredi\u00a014 au dimanche 16\u00a0novembre 2025.<br \/>R\u00e9servation non obligatoire, ni pour les pi\u00e8ces de th\u00e9\u00e2tre, ni pour le repas.<br \/>Repas\u2009: salade compos\u00e9e, jambon \u00e0 la broche et gratin dauphinois, cl\u00e9mentines, vin et caf\u00e9. Tarif\u2009: 16\u00a0\u20ac.<\/p>\n<p class=\" wall-content\">Personnalisez votre actualit\u00e9 en ajoutant vos villes et m\u00e9dias en favori avec <a href=\"https:\/\/moncompte.actu.fr\" title=\"D\u00e9couvez Mon Actu\" rel=\"nofollow noopener\" data-trk=\"{&quot;cta&quot;:{&quot;action&quot;:&quot;https:\\\/\\\/moncompte.actu.fr&quot;,&quot;category&quot;:&quot;mon compte&quot;,&quot;from&quot;:&quot;article footer&quot;,&quot;name&quot;:&quot;Mon actu&quot;,&quot;type&quot;:&quot;cta&quot;}}\" target=\"_blank\">Mon Actu<\/a>.<\/p>\n","protected":false},"excerpt":{"rendered":"Par Valentine Gaxieu Publi\u00e9 le 10 nov. 2025 \u00e0 12h46 Tous les ans, la Halle aux grains de&hellip;\n","protected":false},"author":2,"featured_media":524846,"comment_status":"","ping_status":"","sticky":false,"template":"","format":"standard","meta":{"footnotes":""},"categories":[2816],"tags":[1111,11,1063,1777,674,1011,27,1652,12,2680,25,853,2312],"class_list":{"0":"post-524845","1":"post","2":"type-post","3":"status-publish","4":"format-standard","5":"has-post-thumbnail","7":"category-toulouse","8":"tag-actu","9":"tag-actualites","10":"tag-animations","11":"tag-eu","12":"tag-europe","13":"tag-fr","14":"tag-france","15":"tag-loisirs-culture","16":"tag-news","17":"tag-occitanie","18":"tag-republique-francaise","19":"tag-spectacles","20":"tag-toulouse"},"share_on_mastodon":{"url":"https:\/\/pubeurope.com\/@fr\/115525331476938730","error":""},"_links":{"self":[{"href":"https:\/\/www.europesays.com\/fr\/wp-json\/wp\/v2\/posts\/524845","targetHints":{"allow":["GET"]}}],"collection":[{"href":"https:\/\/www.europesays.com\/fr\/wp-json\/wp\/v2\/posts"}],"about":[{"href":"https:\/\/www.europesays.com\/fr\/wp-json\/wp\/v2\/types\/post"}],"author":[{"embeddable":true,"href":"https:\/\/www.europesays.com\/fr\/wp-json\/wp\/v2\/users\/2"}],"replies":[{"embeddable":true,"href":"https:\/\/www.europesays.com\/fr\/wp-json\/wp\/v2\/comments?post=524845"}],"version-history":[{"count":0,"href":"https:\/\/www.europesays.com\/fr\/wp-json\/wp\/v2\/posts\/524845\/revisions"}],"wp:featuredmedia":[{"embeddable":true,"href":"https:\/\/www.europesays.com\/fr\/wp-json\/wp\/v2\/media\/524846"}],"wp:attachment":[{"href":"https:\/\/www.europesays.com\/fr\/wp-json\/wp\/v2\/media?parent=524845"}],"wp:term":[{"taxonomy":"category","embeddable":true,"href":"https:\/\/www.europesays.com\/fr\/wp-json\/wp\/v2\/categories?post=524845"},{"taxonomy":"post_tag","embeddable":true,"href":"https:\/\/www.europesays.com\/fr\/wp-json\/wp\/v2\/tags?post=524845"}],"curies":[{"name":"wp","href":"https:\/\/api.w.org\/{rel}","templated":true}]}}