{"id":524849,"date":"2025-11-10T12:11:14","date_gmt":"2025-11-10T12:11:14","guid":{"rendered":"https:\/\/www.europesays.com\/fr\/524849\/"},"modified":"2025-11-10T12:11:14","modified_gmt":"2025-11-10T12:11:14","slug":"tous-les-cabinets-sont-fermes-dans-la-metropole-de-lille","status":"publish","type":"post","link":"https:\/\/www.europesays.com\/fr\/524849\/","title":{"rendered":"tous les cabinets sont ferm\u00e9s dans la m\u00e9tropole de Lille"},"content":{"rendered":"<p>            Par<br \/>\n        <strong><br \/>\n            <a href=\"https:\/\/actu.fr\/auteur\/margot-nicodeme\" title=\"Consulter tous les articles de Margot Nicod\u00e8me\" target=\"_blank\" rel=\"noopener\">Margot Nicod\u00e8me<\/a><br \/>\n        <\/strong><\/p>\n<p>        Publi\u00e9 le<\/p>\n<p>            10 nov. 2025 \u00e0 11h54        <\/p>\n<p>La gr\u00e8ve est suivie \u00e0 90% dans <a href=\"https:\/\/actu.fr\/hauts-de-france\/nord_59\" target=\"_blank\" rel=\"noopener\">le Nord<\/a> et le <a href=\"https:\/\/actu.fr\/pas-de-calais\/\" target=\"_blank\" rel=\"noopener\">Pas-de-Calais<\/a>, et <b>\u00e0 100% dans la m\u00e9tropole de <a href=\"https:\/\/actu.fr\/hauts-de-france\/lille_59350\" target=\"_blank\" rel=\"noopener\">Lille<\/a><\/b>. Tous <b>les cabinets de radiologie<\/b>, les plateaux techniques des cliniques inclus, sont ferm\u00e9s ce <b>lundi 10 novembre 2025<\/b>, en raison d\u2019une <b>gr\u00e8ve massive<\/b> des praticiens. \u00c0 l\u2019\u00e9chelle des 92 communes, cela repr\u00e9sente <b>une centaine de m\u00e9decins radiologues<\/b>, unanimement oppos\u00e9s \u00e0 une \u00ab\u00a0d\u00e9cision unilat\u00e9rale\u00a0\u00bb prise par <a href=\"https:\/\/actu.fr\/tag\/securite-sociale\" target=\"_blank\" rel=\"noopener\">la CPAM<\/a>. \u00c0 savoir 300 millions d\u2019euros d\u2019\u00e9conomies \u00e0 r\u00e9aliser dans le secteur de l\u2019imagerie m\u00e9dicale en France. Des coupes budg\u00e9taires qui<b> impacteront n\u00e9cessairement la qualit\u00e9 de la prise en charge<\/b> des patients, pour <b>Thibaut Jacques<\/b>, pr\u00e9sident de la F\u00e9d\u00e9ration nationale des <a href=\"https:\/\/actu.fr\/tag\/medecins\" target=\"_blank\" rel=\"noopener\">m\u00e9decins<\/a> radiologues (FNMR) du Nord.<\/p>\n<p>100% des cabinets de radiologie de la m\u00e9tropole de Lille sont ferm\u00e9s ce lundi 10 novembre<\/p>\n<p class=\" wall-content\">La radiologie dans la m\u00e9tropole est \u00ab\u00a0assur\u00e9e par des groupes de m\u00e9decins ind\u00e9pendants\u00a0\u00bb, clarifie Thibaut Jacques, \u00e0 la mani\u00e8re de PME. Ce sont \u00ab\u00a0trois grosses soci\u00e9t\u00e9s dans la MEL\u00a0\u00bb, au sein desquels \u00ab\u00a0on emploie nos manipulateurs, nos secr\u00e9taires, on ach\u00e8te nos machines\u00a0\u00bb. C\u2019est ce qui explique la gr\u00e8ve absolue, y compris sur les plateaux techniques des cliniques ; seule une astreinte, avec des radiologues r\u00e9quisitionn\u00e9s, est conserv\u00e9e dans les services d\u2019urgences.<\/p>\n<p class=\" wall-content\">Tous les rendez-vous programm\u00e9s ce lundi, toutefois, ont \u00e9t\u00e9 annul\u00e9s et report\u00e9s \u00ab\u00a0dans les jours, les semaines qui suivent\u00a0\u00bb, avec des patients qui ont \u00e9t\u00e9 pr\u00e9venus aussi t\u00f4t que la semaine derni\u00e8re. Thibaut Jacques fait la gen\u00e8se de ces 300 millions d\u2019euros d\u2019\u00e9conomies sur les remboursements de l\u2019imagerie m\u00e9dicale d\u2019ici 2027. \u00ab\u00a0Chaque ann\u00e9e, des n\u00e9gociations s\u2019op\u00e8rent entre les m\u00e9decins et la CPAM. Mais en 2025,<b> la S\u00e9cu a obtenu un pouvoir de d\u00e9cision unilat\u00e9rale<\/b>.\u00a0\u00bb<\/p>\n<p class=\" wall-content\">R\u00e9sultat, les tarifs du secteur, \u00ab\u00a0fig\u00e9s depuis 20 ans\u00a0\u00bb, vont baisser \u2013 de 13% en moyenne, sur les deux prochaines ann\u00e9es \u2013 alors que les prix des machines acquises par les radiologues, eux, \u00ab\u00a0ont doubl\u00e9\u00a0\u00bb. La hausse des co\u00fbts s\u2019observe aussi en mati\u00e8re de personnels et d\u2019\u00e9nergie. Ces charges potentiellement \u00e9crasantes \u00e0 l\u2019avenir, le radiologue lillois craint qu\u2019elles entrainent <b>une d\u00e9gradation de la qualit\u00e9 des soins<\/b>.<\/p>\n<p>\u00ab\u00a0On prendra un IRM de moins bonne qualit\u00e9, parce que moins cher\u00a0\u00bb<\/p>\n<p class=\" wall-content\">\u00ab\u00a0On prendra un IRM [dont le co\u00fbt peut atteindre le million d\u2019euros, ndlr] de moins bonne qualit\u00e9, parce que moins cher, et on travaillera moins vite, dans de moins bonnes conditions\u00a0\u00bb, envisage \u00e0 regret Thibaut Jacques. Une r\u00e9gression insens\u00e9e, alors que les machines dernier cri permettent de diagnostiquer plus pr\u00e9cis\u00e9ment, et, dans bien des cas, \u00ab\u00a0d\u2019arr\u00eater l\u2019errance m\u00e9dicale\u00a0\u00bb, poursuit le m\u00e9decin.<\/p>\n<p class=\" wall-content\">Il d\u00e9plore le discours qui lie la gronde des radiologues \u00e0 une suppos\u00e9e baisse de leur r\u00e9mun\u00e9ration : la part du forfait qui sera amput\u00e9e aidait \u00e0 payer les co\u00fbts de fonctionnement des cabinets, plut\u00f4t que les m\u00e9decins. \u00ab\u00a0On r\u00e9sonne en termes de services rendus aux patients.\u00a0\u00bb\u00a0<\/p>\n<p class=\" wall-content\">C\u2019est la premi\u00e8re fois, depuis 15 ans, que les cabinets de radiologie lillois ferment simultan\u00e9ment. Si la mesure est maintenue, bient\u00f4t, des structures en ville pourraient ne plus \u00eatre en capacit\u00e9 de maintenir leur activit\u00e9, conclut Thibaut Jacques.<\/p>\n<p class=\" wall-content\">Personnalisez votre actualit\u00e9 en ajoutant vos villes et m\u00e9dias en favori avec <a href=\"https:\/\/moncompte.actu.fr\" title=\"D\u00e9couvez Mon Actu\" rel=\"nofollow noopener\" data-trk=\"{&quot;cta&quot;:{&quot;action&quot;:&quot;https:\\\/\\\/moncompte.actu.fr&quot;,&quot;category&quot;:&quot;mon compte&quot;,&quot;from&quot;:&quot;article footer&quot;,&quot;name&quot;:&quot;Mon actu&quot;,&quot;type&quot;:&quot;cta&quot;}}\" target=\"_blank\">Mon Actu<\/a>.<\/p>\n","protected":false},"excerpt":{"rendered":"Par Margot Nicod\u00e8me Publi\u00e9 le 10 nov. 2025 \u00e0 11h54 La gr\u00e8ve est suivie \u00e0 90% dans le&hellip;\n","protected":false},"author":2,"featured_media":524850,"comment_status":"","ping_status":"","sticky":false,"template":"","format":"standard","meta":{"footnotes":""},"categories":[2815],"tags":[1111,11,1777,674,1011,27,811,1307,2673,12,25,731,104],"class_list":{"0":"post-524849","1":"post","2":"type-post","3":"status-publish","4":"format-standard","5":"has-post-thumbnail","7":"category-lille","8":"tag-actu","9":"tag-actualites","10":"tag-eu","11":"tag-europe","12":"tag-fr","13":"tag-france","14":"tag-hauts-de-france","15":"tag-lille","16":"tag-medecins","17":"tag-news","18":"tag-republique-francaise","19":"tag-securite-sociale","20":"tag-societe"},"share_on_mastodon":{"url":"https:\/\/pubeurope.com\/@fr\/115525339552219006","error":""},"_links":{"self":[{"href":"https:\/\/www.europesays.com\/fr\/wp-json\/wp\/v2\/posts\/524849","targetHints":{"allow":["GET"]}}],"collection":[{"href":"https:\/\/www.europesays.com\/fr\/wp-json\/wp\/v2\/posts"}],"about":[{"href":"https:\/\/www.europesays.com\/fr\/wp-json\/wp\/v2\/types\/post"}],"author":[{"embeddable":true,"href":"https:\/\/www.europesays.com\/fr\/wp-json\/wp\/v2\/users\/2"}],"replies":[{"embeddable":true,"href":"https:\/\/www.europesays.com\/fr\/wp-json\/wp\/v2\/comments?post=524849"}],"version-history":[{"count":0,"href":"https:\/\/www.europesays.com\/fr\/wp-json\/wp\/v2\/posts\/524849\/revisions"}],"wp:featuredmedia":[{"embeddable":true,"href":"https:\/\/www.europesays.com\/fr\/wp-json\/wp\/v2\/media\/524850"}],"wp:attachment":[{"href":"https:\/\/www.europesays.com\/fr\/wp-json\/wp\/v2\/media?parent=524849"}],"wp:term":[{"taxonomy":"category","embeddable":true,"href":"https:\/\/www.europesays.com\/fr\/wp-json\/wp\/v2\/categories?post=524849"},{"taxonomy":"post_tag","embeddable":true,"href":"https:\/\/www.europesays.com\/fr\/wp-json\/wp\/v2\/tags?post=524849"}],"curies":[{"name":"wp","href":"https:\/\/api.w.org\/{rel}","templated":true}]}}