{"id":524853,"date":"2025-11-10T12:13:11","date_gmt":"2025-11-10T12:13:11","guid":{"rendered":"https:\/\/www.europesays.com\/fr\/524853\/"},"modified":"2025-11-10T12:13:11","modified_gmt":"2025-11-10T12:13:11","slug":"97-de-la-population-regionale-reste-exposee-selon-atmosud","status":"publish","type":"post","link":"https:\/\/www.europesays.com\/fr\/524853\/","title":{"rendered":"97% de la population r\u00e9gionale reste expos\u00e9e, selon Atmosud"},"content":{"rendered":"<p>Invit\u00e9 de <a href=\"https:\/\/maritima.fr\/actualites\/environnement\/rgion-sud\/9869\/97-de-la-population-de-paca-respire-un-air-trop-pollu--le-nouveau-rapport-choc-datmosud\" target=\"_blank\" rel=\"noopener\">Maritima<\/a> ce lundi 10\u00a0novembre, <a href=\"https:\/\/www.laprovence.com\/article\/region\/2353805224444815\/dominique-robin-directeur-datmosud-se-chauffer-au-bois-cest-un-risque-pour-nos-poumons\" target=\"_blank\" rel=\"noopener\">Dominique Robin, le directeur d&rsquo;Atmosud<\/a>, s&rsquo;est montr\u00e9 rassurant sur l&rsquo;air respir\u00e9 en Paca, qui s&rsquo;am\u00e9liore peu \u00e0 peu.<\/p>\n<p>\u00c0 l&rsquo;occasion de la publication du nouvel inventaire des polluants de <a href=\"https:\/\/www.laprovence.com\/article\/sante\/33266030963249\/pollution-de-lair-un-marseillais-sur-trois-expose-au-dela-des-seuils-limite\" target=\"_blank\" rel=\"noopener\">l&rsquo;observatoire de la qualit\u00e9 de l&rsquo;air en Paca<\/a>, <a href=\"https:\/\/www.laprovence.com\/article\/region\/80495716138515\/plan-escale-zero-fumee-gnl-projet-de-zfe-maritime-le-directeur-d-atmosud-fait-le-point\" target=\"_blank\" rel=\"noopener\">Dominique Robin<\/a> a tout de m\u00eame alert\u00e9\u00a0: \u00ab\u00a097\u00a0% de la population r\u00e9gionale reste expos\u00e9e \u00e0 un air trop d\u00e9grad\u00e9 selon les nouveaux seuils de l&rsquo;Organisation Mondiale de la Sant\u00e9 (OMS)\u00a0\u00bb.<\/p>\n<p>\u00ab\u00a0Malgr\u00e9 une hausse du trafic routier et maritime, <a href=\"https:\/\/www.laprovence.com\/article\/region\/99239560367697\/video-pollution-en-provence-comment-lobservatoire-atmosud-scrute-lair-quon-respire-en-pleine-alerte-a-lozone\" target=\"_blank\" rel=\"noopener\">les \u00e9missions globales diminuent<\/a>, a-t-il pr\u00e9cis\u00e9. Le v\u00e9ritable changement vient des normes. Les lignes directrices de l&rsquo;OMS, r\u00e9vis\u00e9es en 2021, sont devenues bien plus strictes.\u00a0\u00bb Dominique Robin a stipul\u00e9 aupr\u00e8s de <a href=\"https:\/\/maritima.fr\/actualites\/environnement\/rgion-sud\/9869\/97-de-la-population-de-paca-respire-un-air-trop-pollu--le-nouveau-rapport-choc-datmosud\" target=\"_blank\" rel=\"noopener\">nos confr\u00e8res<\/a> que \u00ab\u00a0seulement 12\u00a0% de <a href=\"https:\/\/www.laprovence.com\/article\/region\/28005066401505\/a-marseille-le-nouvel-indice-datmosud-revolutionne-la-mesure-de-la-qualite-de-l-air\" target=\"_blank\" rel=\"noopener\">la population r\u00e9gionale est surexpos\u00e9e<\/a>, un chiffre concentr\u00e9 principalement dans <a href=\"https:\/\/www.laprovence.com\/article\/region\/1205114928254615\/pollution-a-marseille-jai-envie-de-comprendre-ce-que-je-respire-7-foyers-participent-a-des-mesures-participatives\" target=\"_blank\" rel=\"noopener\">les grands centres urbains\u00a0\u00bb.<\/a><\/p>\n<p>L&rsquo;Union europ\u00e9enne durcit ses normes, sans s&rsquo;aligner sur celles de l&rsquo;OMS<\/p>\n<p>Pour rappel, en f\u00e9vrier 2024, l&rsquo;Union europ\u00e9enne durcit ses normes, mais sans s&rsquo;aligner sur celles de l&rsquo;OMS. Les Vingt-sept membres se sont accord\u00e9s <a href=\"https:\/\/www.laprovence.com\/article\/region\/9587514130206614\/les-lycees-marseillais-de-plus-en-plus-sensibilises-a-l-enjeu-de-la-qualite-de-l-air\" target=\"_blank\" rel=\"noopener\">sur des limites plus strictes<\/a> pour 2030 de plusieurs polluants, une \u00e9tape vers l&rsquo;objectif \u00ab\u00a0z\u00e9ro pollution\u00a0\u00bb de 2050. Les nouvelles normes restent toutefois bien en dessous des recommandations de l&rsquo;organisation internationale, alors que 300 000 morts pr\u00e9matur\u00e9es sont la cons\u00e9quence chaque ann\u00e9e de la pollution atmosph\u00e9rique dans l&rsquo;Union europ\u00e9enne.<\/p>\n<p>Pour le dioxyde d&rsquo;azote et les particules fines inf\u00e9rieures \u00e0 2,5 microm\u00e8tres \u2212 tr\u00e8s nocives car elles p\u00e9n\u00e8trent profond\u00e9ment dans les poumons \u2212, les valeurs limites annuelles permises seront abaiss\u00e9es de plus de moiti\u00e9 en 2030 par rapport \u00e0 aujourd&rsquo;hui.<\/p>\n","protected":false},"excerpt":{"rendered":"Invit\u00e9 de Maritima ce lundi 10\u00a0novembre, Dominique Robin, le directeur d&rsquo;Atmosud, s&rsquo;est montr\u00e9 rassurant sur l&rsquo;air respir\u00e9 en&hellip;\n","protected":false},"author":2,"featured_media":524854,"comment_status":"","ping_status":"","sticky":false,"template":"","format":"standard","meta":{"footnotes":""},"categories":[2814],"tags":[17,19025,1111,11,2965,27253,1777,674,1011,27,884,12,883,940,882,16,17878,25,8029],"class_list":{"0":"post-524853","1":"post","2":"type-post","3":"status-publish","4":"format-standard","5":"has-post-thumbnail","7":"category-marseille","8":"tag-17","9":"tag-19025","10":"tag-actu","11":"tag-actualites","12":"tag-air","13":"tag-degrade","14":"tag-eu","15":"tag-europe","16":"tag-fr","17":"tag-france","18":"tag-marseille","19":"tag-news","20":"tag-paca","21":"tag-population","22":"tag-provence-alpes-cote-dazur","23":"tag-region","24":"tag-regionale","25":"tag-republique-francaise","26":"tag-trop"},"share_on_mastodon":{"url":"https:\/\/pubeurope.com\/@fr\/115525347286258609","error":""},"_links":{"self":[{"href":"https:\/\/www.europesays.com\/fr\/wp-json\/wp\/v2\/posts\/524853","targetHints":{"allow":["GET"]}}],"collection":[{"href":"https:\/\/www.europesays.com\/fr\/wp-json\/wp\/v2\/posts"}],"about":[{"href":"https:\/\/www.europesays.com\/fr\/wp-json\/wp\/v2\/types\/post"}],"author":[{"embeddable":true,"href":"https:\/\/www.europesays.com\/fr\/wp-json\/wp\/v2\/users\/2"}],"replies":[{"embeddable":true,"href":"https:\/\/www.europesays.com\/fr\/wp-json\/wp\/v2\/comments?post=524853"}],"version-history":[{"count":0,"href":"https:\/\/www.europesays.com\/fr\/wp-json\/wp\/v2\/posts\/524853\/revisions"}],"wp:featuredmedia":[{"embeddable":true,"href":"https:\/\/www.europesays.com\/fr\/wp-json\/wp\/v2\/media\/524854"}],"wp:attachment":[{"href":"https:\/\/www.europesays.com\/fr\/wp-json\/wp\/v2\/media?parent=524853"}],"wp:term":[{"taxonomy":"category","embeddable":true,"href":"https:\/\/www.europesays.com\/fr\/wp-json\/wp\/v2\/categories?post=524853"},{"taxonomy":"post_tag","embeddable":true,"href":"https:\/\/www.europesays.com\/fr\/wp-json\/wp\/v2\/tags?post=524853"}],"curies":[{"name":"wp","href":"https:\/\/api.w.org\/{rel}","templated":true}]}}