{"id":524855,"date":"2025-11-10T12:14:10","date_gmt":"2025-11-10T12:14:10","guid":{"rendered":"https:\/\/www.europesays.com\/fr\/524855\/"},"modified":"2025-11-10T12:14:10","modified_gmt":"2025-11-10T12:14:10","slug":"le-chauffeur-de-bus-a-marseille-refuse-de-sarreter-elle-lui-crache-dessus","status":"publish","type":"post","link":"https:\/\/www.europesays.com\/fr\/524855\/","title":{"rendered":"Le chauffeur de bus \u00e0 Marseille refuse de s\u2019arr\u00eater, elle lui crache dessus"},"content":{"rendered":"<p>Il n&rsquo;a pas souhait\u00e9 d\u00e9brayer, mais il doit porter plainte dans la journ\u00e9e\u00a0: un <a href=\"https:\/\/www.laprovence.com\/article\/faits-divers-justice\/2043869705160714\/un-chauffeur-de-bus-rtm-agresse-par-un-automobiliste-a-marseille\" target=\"_blank\" rel=\"noopener\">chauffeur de bus<\/a> a \u00e9t\u00e9 agress\u00e9 par une femme hier dimanche dans le 15e arrondissement de Marseille. L&#8217;employ\u00e9 de la <a href=\"https:\/\/www.laprovence.com\/article\/faits-divers-justice\/3966147820996114\/marseille-controle-sous-stup-le-chauffeur-de-bus-de-la-rtm-victime-dun-faux-positif\" target=\"_blank\" rel=\"noopener\">RTM<\/a> (r\u00e9gie des transports m\u00e9tropolitains) qui assurait le transport sur la ligne B2 qui relie la station de <a href=\"https:\/\/www.laprovence.com\/article\/region\/2249193212841414\/presque-plus-aucun-vendeur-a-marseille-les-institutions-font-table-rase-du-marche-sauvage-de-geze\" target=\"_blank\" rel=\"noopener\">m\u00e9tro G\u00e8ze<\/a> au quartier Borel, \u00e9tait \u00e0 quelques m\u00e8tres de son terminus, lorsqu&rsquo;une femme lui a fait signe de s&rsquo;arr\u00eater.<\/p>\n<p>Insultes, crachats et fuite par le m\u00e9tro<\/p>\n<p>Une sollicitation tardive et pour le moins inutile que le chauffeur a logiquement refus\u00e9, suscitant la col\u00e8re de l&rsquo;usag\u00e8re qui a poursuivi le bus jusqu&rsquo;au terminus, grimp\u00e9 dans le v\u00e9hicule et copieusement insult\u00e9 la victime, un homme \u00e2g\u00e9 de 51 ans, avant de lui cracher dessus.<\/p>\n<p>Sit\u00f4t son forfait vengeur accompli, la furie a quitt\u00e9 les lieux et pris la fuite en s&rsquo;engouffrant dans le <a href=\"https:\/\/www.laprovence.com\/article\/faits-divers-justice\/1198383456075715\/deux-hommes-blesses-par-arme-blanche-au-metro-geze-a-marseille-pronostic-vital-engage-pour-lune-des-victimes\" target=\"_blank\" rel=\"noopener\">m\u00e9tro G\u00e8ze<\/a>.<\/p>\n","protected":false},"excerpt":{"rendered":"Il n&rsquo;a pas souhait\u00e9 d\u00e9brayer, mais il doit porter plainte dans la journ\u00e9e\u00a0: un chauffeur de bus a&hellip;\n","protected":false},"author":2,"featured_media":524856,"comment_status":"","ping_status":"","sticky":false,"template":"","format":"standard","meta":{"footnotes":""},"categories":[2814],"tags":[17,1111,11,7048,9698,3170,1777,674,274,1011,27,23740,884,12,882,21069,25,64479],"class_list":{"0":"post-524855","1":"post","2":"type-post","3":"status-publish","4":"format-standard","5":"has-post-thumbnail","7":"category-marseille","8":"tag-17","9":"tag-actu","10":"tag-actualites","11":"tag-bus","12":"tag-chauffeur","13":"tag-elle","14":"tag-eu","15":"tag-europe","16":"tag-faits-divers-justice","17":"tag-fr","18":"tag-france","19":"tag-lui","20":"tag-marseille","21":"tag-news","22":"tag-provence-alpes-cote-dazur","23":"tag-refuse","24":"tag-republique-francaise","25":"tag-sarreter"},"share_on_mastodon":{"url":"https:\/\/pubeurope.com\/@fr\/115525351281970544","error":""},"_links":{"self":[{"href":"https:\/\/www.europesays.com\/fr\/wp-json\/wp\/v2\/posts\/524855","targetHints":{"allow":["GET"]}}],"collection":[{"href":"https:\/\/www.europesays.com\/fr\/wp-json\/wp\/v2\/posts"}],"about":[{"href":"https:\/\/www.europesays.com\/fr\/wp-json\/wp\/v2\/types\/post"}],"author":[{"embeddable":true,"href":"https:\/\/www.europesays.com\/fr\/wp-json\/wp\/v2\/users\/2"}],"replies":[{"embeddable":true,"href":"https:\/\/www.europesays.com\/fr\/wp-json\/wp\/v2\/comments?post=524855"}],"version-history":[{"count":0,"href":"https:\/\/www.europesays.com\/fr\/wp-json\/wp\/v2\/posts\/524855\/revisions"}],"wp:featuredmedia":[{"embeddable":true,"href":"https:\/\/www.europesays.com\/fr\/wp-json\/wp\/v2\/media\/524856"}],"wp:attachment":[{"href":"https:\/\/www.europesays.com\/fr\/wp-json\/wp\/v2\/media?parent=524855"}],"wp:term":[{"taxonomy":"category","embeddable":true,"href":"https:\/\/www.europesays.com\/fr\/wp-json\/wp\/v2\/categories?post=524855"},{"taxonomy":"post_tag","embeddable":true,"href":"https:\/\/www.europesays.com\/fr\/wp-json\/wp\/v2\/tags?post=524855"}],"curies":[{"name":"wp","href":"https:\/\/api.w.org\/{rel}","templated":true}]}}