{"id":52486,"date":"2025-04-25T19:21:27","date_gmt":"2025-04-25T19:21:27","guid":{"rendered":"https:\/\/www.europesays.com\/fr\/52486\/"},"modified":"2025-04-25T19:21:27","modified_gmt":"2025-04-25T19:21:27","slug":"saint-agreve-a-la-rencontre-des-tresors-degypte-photos-graphies-de-jean-claude-lagrange","status":"publish","type":"post","link":"https:\/\/www.europesays.com\/fr\/52486\/","title":{"rendered":"Saint-Agr\u00e8ve : \u00e0 la rencontre des \u00ab\u00a0Tr\u00e9sors d\u2019\u00c9gypte : Photos-Graphies\u00a0\u00bb de Jean-Claude Lagrange"},"content":{"rendered":"<p>\t\t\t\t\t\t\t\t\t\t\t\t\t\t\t\t\t\t\t\t\t\t\t\t\t\t\t\t\t\t\t\t\t\t\t\t\t\t\t\t\t\t\t\t\t\t\t\t\t\t\t\t\t\t\t\t\t\t\t\t\t\t\t<a href=\"https:\/\/www.lacommere43.fr\/component\/banners\/click\/1755.html\" target=\"_blank\" title=\"Tence Rural Master avril 2025\" rel=\"nofollow noopener\"><br \/>\n\t\t\t\t\t\t\t<img decoding=\"async\" src=\"https:\/\/www.europesays.com\/fr\/wp-content\/uploads\/2025\/04\/rural2025-2.gif\" alt=\"Tence Rural Master avril 2025\"\/><br \/>\n\t\t\t\t\t\t<\/a><\/p>\n<p>\t\t\t\t\t\t\t\t\t\t\t\t\t\t\t\t\t\t\t\t\t\t\t\t\t\t\t\t\t\t\t\t\t\t\t\t\t\t\t\t\t\t\t\t\t\t\t\t\t\t\t\t\t\t\t\t\t\t\t\t\t\t\t<a href=\"https:\/\/www.lacommere43.fr\/component\/banners\/click\/1751.html\" target=\"_blank\" title=\"Chevalier Fr\u00e8res avril 2025\" rel=\"nofollow noopener\"><br \/>\n\t\t\t\t\t\t\t<img decoding=\"async\" src=\"https:\/\/www.europesays.com\/fr\/wp-content\/uploads\/2025\/04\/chevalier-fraise.jpg\" alt=\"Chevalier Fr\u00e8res avril 2025\"\/><br \/>\n\t\t\t\t\t\t<\/a><\/p>\n<p><strong>L&rsquo;exposition \u00ab\u00a0Tr\u00e9sors d\u2019\u00c9gypte : Photos-Graphies\u00a0\u00bb est \u00e0 d\u00e9couvrir jusqu&rsquo;au 23 mai au centre socioculturel de Saint-Agr\u00e8ve.<\/strong><\/p>\n<p>Le vernissage de l&rsquo;exposition de photographies de Jean-Claude Lagrange, accompagn\u00e9s de textes de Brigitte Giret, a r\u00e9uni une trentaine de personnes qui ont, ainsi, profit\u00e9 de leurs explications lors d&rsquo;un temps convivial.<\/p>\n<p>\u00ab\u00a0La tourn\u00e9e Tr\u00e9sors d\u2019\u00c9gypte, organis\u00e9e par l\u2019association Partage, est partie vers d\u2019autres horizons, mais elle a laiss\u00e9 \u00e0 Saint-Agr\u00e8ve un tel souvenir que le photographe Jean-Claude Lagrange a voulu l\u2019immortaliser \u00e0 travers une s\u00e9rie de photos qui \u00e9voquent le parcours impressionnant de ces jeunes \u00e9gyptiens. Les images sont compl\u00e9t\u00e9es par des textes \u00e9crits par les enfants \u00e9gyptiens et par Brigitte Giret. Une \u00e9vocation qui touchera aussi ceux qui n\u2019ont pu assister au spectacle.\u00a0\u00bb<\/p>\n<p>L&rsquo;exposition est visible jusqu&rsquo;au vendredi 23 mai au centre socioculturel.<\/p>\n<p>Entr\u00e9e libre<\/p>\n<p>Contact au 04-75-30-26-60<\/p>\n","protected":false},"excerpt":{"rendered":"L&rsquo;exposition \u00ab\u00a0Tr\u00e9sors d\u2019\u00c9gypte : Photos-Graphies\u00a0\u00bb est \u00e0 d\u00e9couvrir jusqu&rsquo;au 23 mai au centre socioculturel de Saint-Agr\u00e8ve. Le vernissage&hellip;\n","protected":false},"author":2,"featured_media":52487,"comment_status":"","ping_status":"","sticky":false,"template":"","format":"standard","meta":{"footnotes":""},"categories":[1358],"tags":[2281,1348,1384,1385,1386,58,59,2282,1011,27,2280,2284,2285,2283],"class_list":{"0":"post-52486","1":"post","2":"type-post","3":"status-publish","4":"format-standard","5":"has-post-thumbnail","7":"category-arts-et-design","8":"tag-actualite-43","9":"tag-arts","10":"tag-arts-and-design","11":"tag-arts-et-design","12":"tag-design","13":"tag-divertissement","14":"tag-entertainment","15":"tag-faits-divers-auvergne","16":"tag-fr","17":"tag-france","18":"tag-information-haute-loire","19":"tag-infos-43","20":"tag-journal-haute-loire","21":"tag-la-commere-43"},"share_on_mastodon":{"url":"https:\/\/pubeurope.com\/@fr\/114400230358310535","error":""},"_links":{"self":[{"href":"https:\/\/www.europesays.com\/fr\/wp-json\/wp\/v2\/posts\/52486","targetHints":{"allow":["GET"]}}],"collection":[{"href":"https:\/\/www.europesays.com\/fr\/wp-json\/wp\/v2\/posts"}],"about":[{"href":"https:\/\/www.europesays.com\/fr\/wp-json\/wp\/v2\/types\/post"}],"author":[{"embeddable":true,"href":"https:\/\/www.europesays.com\/fr\/wp-json\/wp\/v2\/users\/2"}],"replies":[{"embeddable":true,"href":"https:\/\/www.europesays.com\/fr\/wp-json\/wp\/v2\/comments?post=52486"}],"version-history":[{"count":0,"href":"https:\/\/www.europesays.com\/fr\/wp-json\/wp\/v2\/posts\/52486\/revisions"}],"wp:featuredmedia":[{"embeddable":true,"href":"https:\/\/www.europesays.com\/fr\/wp-json\/wp\/v2\/media\/52487"}],"wp:attachment":[{"href":"https:\/\/www.europesays.com\/fr\/wp-json\/wp\/v2\/media?parent=52486"}],"wp:term":[{"taxonomy":"category","embeddable":true,"href":"https:\/\/www.europesays.com\/fr\/wp-json\/wp\/v2\/categories?post=52486"},{"taxonomy":"post_tag","embeddable":true,"href":"https:\/\/www.europesays.com\/fr\/wp-json\/wp\/v2\/tags?post=52486"}],"curies":[{"name":"wp","href":"https:\/\/api.w.org\/{rel}","templated":true}]}}