{"id":524869,"date":"2025-11-10T12:22:18","date_gmt":"2025-11-10T12:22:18","guid":{"rendered":"https:\/\/www.europesays.com\/fr\/524869\/"},"modified":"2025-11-10T12:22:18","modified_gmt":"2025-11-10T12:22:18","slug":"6-temps-forts-a-ne-pas-rater-pour-la-28e-edition-de-la-foire","status":"publish","type":"post","link":"https:\/\/www.europesays.com\/fr\/524869\/","title":{"rendered":"6 temps forts \u00e0 ne pas rater pour la 28e \u00e9dition de la foire"},"content":{"rendered":"<p class=\"editor-content__paragraph\">Un <strong>tour du monde du m\u00e9dium en 33\u00a0pays<\/strong> dont certains lointains, comme les \u00c9mirats arabes unis, l\u2019Arabie saoudite, l\u2019Inde, le Japon ou l\u2019Australie, mais aussi le Br\u00e9sil, l\u2019Argentine, le Mexique ou le Venezuela. Sans oublier l\u2019exposition consacr\u00e9e \u00e0 la <strong>collection de la curatrice new-yorkaise Estrellita B. Brodsky<\/strong> originaire d\u2019Am\u00e9rique latine\u00a0: la pr\u00e9sentation rassemble une soixantaine d\u2019\u0153uvres des ann\u00e9es 1940 \u00e0 aujourd\u2019hui, de Paz Err\u00e1zuriz et Vik Muniz \u00e0 <a href=\"https:\/\/www.beauxarts.com\/grand-format\/diane-arbus-en-2-minutes\/\" target=\"_blank\" rel=\"noopener\">Diane Arbus<\/a> et Bernd et Hilla Becher.<\/p>\n<p class=\"editor-content__paragraph editor-content__paragraph--is-hidden\">\u00c0 la diversit\u00e9 g\u00e9ographique r\u00e9pond la pluralit\u00e9 des pratiques, <strong>Paris Photo<\/strong> se faisant le t\u00e9moin de la <strong>transversalit\u00e9 <\/strong>d\u2019un m\u00e9dium plus polymorphe que jamais\u00a0: tirages, hybridation de m\u00e9dias, mat\u00e9rialit\u00e9, \u0153uvres en volume, installations, vid\u00e9os\u2026 Des ma\u00eetres du XIXe si\u00e8cle aux \u00e9mergents, le parcours r\u00e9vise les classiques tout en se projetant dans l\u2019avenir avec<strong> le num\u00e9rique et l\u2019intelligence artificielle<\/strong>. Notre fil d\u2019Ariane pour cette s\u00e9lection des tendances fortes de la 28e \u00e9dition\u00a0: <strong>l\u2019exp\u00e9rimentation<\/strong> sous toutes ses formes.<\/p>\n<p>            <strong>Continuez votre lecture<\/strong><\/p>\n<p>\n                et acc\u00e9dez \u00e0 Beaux Arts Magazine<br \/>et \u00e0 tous les contenus web<br \/><strong>en illimit\u00e9 \u00e0 partir de 5,75\u20ac \/ mois<\/strong>\n            <\/p>\n<p class=\"cta-abonnement__log-in\">\n        D\u00e9j\u00e0 abonn\u00e9 ?        <a data-id=\"aHR0cHM6Ly93d3cuYmVhdXhhcnRzLmNvbS9tb24tY29tcHRlLw==\">Connectez-vous<\/a>\n    <\/p>\n<p>            <img data-vllblanksrc=\"https:\/\/www.beauxarts.com\/expos\/ce-quil-ne-faut-pas-rater-a-paris-photo-cette-annee\/1\" data-vllsrc=\"https:\/\/www.europesays.com\/fr\/wp-content\/uploads\/2025\/11\/couv-bam-497-1-232x300.png\" alt=\"\"\/><img data-vllblanksrc=\"https:\/\/www.beauxarts.com\/expos\/ce-quil-ne-faut-pas-rater-a-paris-photo-cette-annee\/1\" data-vllsrc=\"https:\/\/www.europesays.com\/fr\/wp-content\/uploads\/2025\/09\/couv-bam-496-232x300.png\" alt=\"\"\/>        <\/p>\n","protected":false},"excerpt":{"rendered":"Un tour du monde du m\u00e9dium en 33\u00a0pays dont certains lointains, comme les \u00c9mirats arabes unis, l\u2019Arabie saoudite,&hellip;\n","protected":false},"author":2,"featured_media":524870,"comment_status":"","ping_status":"","sticky":false,"template":"","format":"standard","meta":{"footnotes":""},"categories":[1888],"tags":[11,1777,674,8181,1011,27,1398,12,626,1756,25],"class_list":{"0":"post-524869","1":"post","2":"type-post","3":"status-publish","4":"format-standard","5":"has-post-thumbnail","7":"category-paris","8":"tag-actualites","9":"tag-eu","10":"tag-europe","11":"tag-foires","12":"tag-fr","13":"tag-france","14":"tag-grand-palais","15":"tag-news","16":"tag-paris","17":"tag-photographie","18":"tag-republique-francaise"},"share_on_mastodon":{"url":"https:\/\/pubeurope.com\/@fr\/115525382587350542","error":""},"_links":{"self":[{"href":"https:\/\/www.europesays.com\/fr\/wp-json\/wp\/v2\/posts\/524869","targetHints":{"allow":["GET"]}}],"collection":[{"href":"https:\/\/www.europesays.com\/fr\/wp-json\/wp\/v2\/posts"}],"about":[{"href":"https:\/\/www.europesays.com\/fr\/wp-json\/wp\/v2\/types\/post"}],"author":[{"embeddable":true,"href":"https:\/\/www.europesays.com\/fr\/wp-json\/wp\/v2\/users\/2"}],"replies":[{"embeddable":true,"href":"https:\/\/www.europesays.com\/fr\/wp-json\/wp\/v2\/comments?post=524869"}],"version-history":[{"count":0,"href":"https:\/\/www.europesays.com\/fr\/wp-json\/wp\/v2\/posts\/524869\/revisions"}],"wp:featuredmedia":[{"embeddable":true,"href":"https:\/\/www.europesays.com\/fr\/wp-json\/wp\/v2\/media\/524870"}],"wp:attachment":[{"href":"https:\/\/www.europesays.com\/fr\/wp-json\/wp\/v2\/media?parent=524869"}],"wp:term":[{"taxonomy":"category","embeddable":true,"href":"https:\/\/www.europesays.com\/fr\/wp-json\/wp\/v2\/categories?post=524869"},{"taxonomy":"post_tag","embeddable":true,"href":"https:\/\/www.europesays.com\/fr\/wp-json\/wp\/v2\/tags?post=524869"}],"curies":[{"name":"wp","href":"https:\/\/api.w.org\/{rel}","templated":true}]}}