{"id":524875,"date":"2025-11-10T12:25:19","date_gmt":"2025-11-10T12:25:19","guid":{"rendered":"https:\/\/www.europesays.com\/fr\/524875\/"},"modified":"2025-11-10T12:25:19","modified_gmt":"2025-11-10T12:25:19","slug":"apres-un-week-end-de-chaos-vers-une-sortie-de-crise-du-shutdown","status":"publish","type":"post","link":"https:\/\/www.europesays.com\/fr\/524875\/","title":{"rendered":"apr\u00e8s un week-end de chaos, vers une sortie de crise du shutdown ?"},"content":{"rendered":"<p>\t\t\t\t\t Face au blocage politique qui emp\u00eache toujours de valider le budget f\u00e9d\u00e9ral, Sean Duffy a reconnu que la premi\u00e8re r\u00e9duction du trafic n\u2019\u00e9tait qu\u2019une \u00e9tape.<\/p>\n<p><b>Elle pourrait rapidement grimper jusqu\u2019\u00e0 20 % si la situation ne se d\u00e9bloque pas.<\/b>&#13;\t\t\t\t\t <\/p>\n<p>\u00ab\u00a0Le trafic a\u00e9rien va se r\u00e9duire \u00e0 n\u00e9ant.&#13;\t\t\t\t\t <\/p>\n<p>Beaucoup de gens veulent rentrer chez eux pour les f\u00eates, voir leur famille\u2026 Eh bien, beaucoup d\u2019entre eux ne pourront tout simplement pas prendre l\u2019avion si la situation ne s\u2019am\u00e9liore pas,\u00a0\u00bb a d\u00e9clar\u00e9 le secr\u00e9taire aux Transports, cit\u00e9 par <a class=\"liens\" href=\"https:\/\/www.theguardian.com\/us-news\/2025\/nov\/09\/flight-cancellations-government-shutdown\" target=\"_blank\" rel=\"noopener\">The Guardian.<\/a>&#13;\t\t\t\t\t <\/p>\n<p>Le m\u00eame Sean Duffy a m\u00eame \u00e9voqu\u00e9 la possibilit\u00e9 de faire appel \u00e0 des contr\u00f4leurs militaires, afin de renforcer des \u00e9quipes \u00e9puis\u00e9es et d\u00e9mobilis\u00e9es. Et pour cause, les chiffres donnent le vertige.&#13;\t\t\t\t\t <\/p>\n<p><b>Delta Airlines affiche 16 % de vols annul\u00e9s et 37 % de retards, Spirit fait \u00e0 peine mieux avec 14 % d\u2019annulations et 36 % de retards, tandis que JetBlue atteint 9 % d\u2019annulations et 49 % de retards\u2026 pour la seule journ\u00e9e de dimanche.<\/b>&#13;\t\t\t\t\t <\/p>\n<p>Ce lundi 10 novembre semble marquer un l\u00e9ger r\u00e9pit, m\u00eame si la journ\u00e9e ne fait que commencer outre-Atlantique, avec d\u00e9j\u00e0 <b>1 478 annulations et 788 retards recens\u00e9s.<\/b>&#13;\t\t\t\t\t <\/p>\n<p>Pour rappel, les contr\u00f4leurs a\u00e9riens et les agents de la s\u00e9curit\u00e9 a\u00e9roportuaire figurent parmi les services dits \u00ab\u00a0essentiels\u00a0\u00bb, de fait i<b>ls sont donc r\u00e9quisitionn\u00e9s, contraints de travailler gratuitement, leurs salaires \u00e9tant gel\u00e9s faute de budget f\u00e9d\u00e9ral.<\/b>\n\t\t\t\t <\/p>\n","protected":false},"excerpt":{"rendered":"Face au blocage politique qui emp\u00eache toujours de valider le budget f\u00e9d\u00e9ral, Sean Duffy a reconnu que la&hellip;\n","protected":false},"author":2,"featured_media":524876,"comment_status":"","ping_status":"","sticky":false,"template":"","format":"standard","meta":{"footnotes":""},"categories":[1589],"tags":[55322,11,73,1866,12,1864,1865,1863,308,64481],"class_list":{"0":"post-524875","1":"post","2":"type-post","3":"status-publish","4":"format-standard","5":"has-post-thumbnail","7":"category-etats-unis","8":"tag-shutdown","9":"tag-actualites","10":"tag-etats-unis","11":"tag-etats-unis-damerique","12":"tag-news","13":"tag-united-states","14":"tag-united-states-of-america","15":"tag-us","16":"tag-usa","17":"tag-vols-annules"},"share_on_mastodon":{"url":"https:\/\/pubeurope.com\/@fr\/115525394477579805","error":""},"_links":{"self":[{"href":"https:\/\/www.europesays.com\/fr\/wp-json\/wp\/v2\/posts\/524875","targetHints":{"allow":["GET"]}}],"collection":[{"href":"https:\/\/www.europesays.com\/fr\/wp-json\/wp\/v2\/posts"}],"about":[{"href":"https:\/\/www.europesays.com\/fr\/wp-json\/wp\/v2\/types\/post"}],"author":[{"embeddable":true,"href":"https:\/\/www.europesays.com\/fr\/wp-json\/wp\/v2\/users\/2"}],"replies":[{"embeddable":true,"href":"https:\/\/www.europesays.com\/fr\/wp-json\/wp\/v2\/comments?post=524875"}],"version-history":[{"count":0,"href":"https:\/\/www.europesays.com\/fr\/wp-json\/wp\/v2\/posts\/524875\/revisions"}],"wp:featuredmedia":[{"embeddable":true,"href":"https:\/\/www.europesays.com\/fr\/wp-json\/wp\/v2\/media\/524876"}],"wp:attachment":[{"href":"https:\/\/www.europesays.com\/fr\/wp-json\/wp\/v2\/media?parent=524875"}],"wp:term":[{"taxonomy":"category","embeddable":true,"href":"https:\/\/www.europesays.com\/fr\/wp-json\/wp\/v2\/categories?post=524875"},{"taxonomy":"post_tag","embeddable":true,"href":"https:\/\/www.europesays.com\/fr\/wp-json\/wp\/v2\/tags?post=524875"}],"curies":[{"name":"wp","href":"https:\/\/api.w.org\/{rel}","templated":true}]}}