{"id":524877,"date":"2025-11-10T12:26:12","date_gmt":"2025-11-10T12:26:12","guid":{"rendered":"https:\/\/www.europesays.com\/fr\/524877\/"},"modified":"2025-11-10T12:26:12","modified_gmt":"2025-11-10T12:26:12","slug":"demissions-a-la-tete-de-la-bbc-apres-un-montage-conteste-dun-discours-de-trump","status":"publish","type":"post","link":"https:\/\/www.europesays.com\/fr\/524877\/","title":{"rendered":"d\u00e9missions \u00e0 la t\u00eate de la BBC apr\u00e8s un montage contest\u00e9 d&rsquo;un discours de Trump"},"content":{"rendered":"<p>C&rsquo;est un coup de tonnerre outre-Manche : le directeur g\u00e9n\u00e9ral de la BBC, Tim Davie, et la patronne de l&rsquo;information du groupe audiovisuel public britannique, Deborah Turness, ont annonc\u00e9 leur d\u00e9mission apr\u00e8s la diffusion d&rsquo;un montage contest\u00e9 d&rsquo;un discours de Donald Trump lors de la campagne pr\u00e9sidentielle am\u00e9ricaine de 2024.<\/p>\n<p>Plus d&rsquo;un an apr\u00e8s la diffusion d&rsquo;un montage contest\u00e9 d&rsquo;un discours de <a href=\"https:\/\/www.europe1.fr\/dossiers\/donald-trump\" rel=\"nofollow noopener\" target=\"_blank\">Donald Trump<\/a>, au moment de la campagne pr\u00e9sidentielle am\u00e9ricaine de 2024, le\u00a0directeur g\u00e9n\u00e9ral de la <a href=\"https:\/\/www.europe1.fr\/medias-tele\/quatre-femmes-journalistes-experimentees-poursuivent-la-bbc-pour-discrimination-4244758\" rel=\"nofollow noopener\" target=\"_blank\">BBC<\/a>, Tim Davie, et la patronne de l&rsquo;information du groupe audiovisuel public britannique, Deborah Turness, ont annonc\u00e9, ce dimanche, leur d\u00e9mission.<\/p>\n<p>    La suite apr\u00e8s cette publicit\u00e9<\/p>\n<p>    La suite apr\u00e8s cette publicit\u00e9<\/p>\n<p>L&rsquo;affaire a \u00e9t\u00e9 r\u00e9v\u00e9l\u00e9e mardi par le journal conservateur The Daily Telegraph, et concerne un documentaire de son magazine d&rsquo;information phare, Panorama, diffus\u00e9 en octobre 2024, une semaine avant le jour de l&rsquo;\u00e9lection, le 5 novembre.\u00a0<\/p>\n<p>Un discours prononc\u00e9 le jour de l&rsquo;assaut du Capitole, en 2021<\/p>\n<p>\u00ab\u00a0Merci au &lsquo;Telegraph&rsquo; d&rsquo;avoir d\u00e9nonc\u00e9 ces &lsquo;journalistes&rsquo; corrompus\u00a0\u00bb, a d\u00e9clar\u00e9 l&rsquo;actuel locataire de la Maison Blanche sur son r\u00e9seau social Truth Social. \u00ab\u00a0Ce sont des personnes tr\u00e8s malhonn\u00eates qui ont tent\u00e9 de fausser le cours d&rsquo;une \u00e9lection pr\u00e9sidentielle. De plus, ils sont originaires d&rsquo;un pays \u00e9tranger (le Royaume-Uni, ndlr), un pays que beaucoup consid\u00e8rent comme notre principal alli\u00e9. Quel d\u00e9sastre pour la d\u00e9mocratie !\u00a0\u00bb, a-t-il d\u00e9nonc\u00e9, voyant les journalistes britanniques \u00eatre \u00ab\u00a0pris\u00a0en flagrant d\u00e9lit de falsification de (s)on excellent discours (PARFAIT !) du 6 janvier.\u00a0\u00bb<\/p>\n<p>    La suite apr\u00e8s cette publicit\u00e9<\/p>\n<p>    La suite apr\u00e8s cette publicit\u00e9<\/p>\n<p>Le groupe audiovisuel public britannique est accus\u00e9 d&rsquo;avoir mont\u00e9 des passages diff\u00e9rents d&rsquo;un discours de Donald Trump datant du 6 janvier 2021, <a href=\"https:\/\/www.europe1.fr\/international\/etats-unis-au-lendemain-des-heurts-au-capitole-washington-encore-sous-le-choc-113653\" rel=\"nofollow noopener\" target=\"_blank\">jour de l&rsquo;assaut du Capitole \u00e0 Washington<\/a>. Dans ce montage, il semble dire \u00e0 ses centaines de partisans impliqu\u00e9s dans cet assaut qu&rsquo;il va marcher avec eux vers le Capitole pour se \u00ab\u00a0battre comme des diables\u00a0\u00bb.<\/p>\n<p>Dans la phrase originale, Donald Trump affirmait : \u00ab\u00a0Nous allons marcher vers le Capitole et nous allons encourager nos courageux s\u00e9nateurs et repr\u00e9sentants et repr\u00e9sentantes au Congr\u00e8s\u00a0\u00bb. En r\u00e9alit\u00e9, l&rsquo;expression \u00ab\u00a0se battre comme des diables\u00a0\u00bb correspondait \u00e0 un autre passage.<\/p>\n<p>    La suite apr\u00e8s cette publicit\u00e9<\/p>\n<p>    La suite apr\u00e8s cette publicit\u00e9<\/p>\n<p>Plusieurs controverses sur la BBC<\/p>\n<p>Le pr\u00e9sident de la BBC, Samir Shah, a estim\u00e9 peu apr\u00e8s l&rsquo;annonce de la d\u00e9mission du directeur g\u00e9n\u00e9ral et de la patronne de l&rsquo;information qu&rsquo;il s&rsquo;agissait d'\u00a0\u00bbun jour triste\u00a0\u00bb pour le groupe public.\u00a0\u00ab\u00a0Tim (Davie) a \u00e9t\u00e9 un excellent directeur g\u00e9n\u00e9ral ces cinq derni\u00e8res ann\u00e9es\u00a0\u00bb, mais il \u00e9tait confront\u00e9 \u00e0 \u00ab\u00a0une pression persistante (&#8230;) qui l&rsquo;a men\u00e9 \u00e0 prendre cette d\u00e9cision\u00a0\u00bb de quitter ses fonctions, a-t-il d\u00e9clar\u00e9. Il a \u00e9galement rendu hommage \u00e0 \u00ab\u00a0l&rsquo;int\u00e9grit\u00e9\u00a0\u00bb d\u00e9montr\u00e9e par Deborah Turness \u00ab\u00a0dans des circonstances difficiles\u00a0\u00bb.<\/p>\n<p>Le patron doit s&rsquo;expliquer ce lundi devant\u00a0une commission parlementaire d\u00e9di\u00e9e \u00e0 cette affaire. La ministre britannique de la Culture, Lisa Nandy, l&rsquo;a qualifi\u00e9e dimanche \u00ab\u00a0d&rsquo;extr\u00eamement grave\u00a0\u00bb. Elle survient peu apr\u00e8s\u00a0une sanction d\u00e9j\u00e0 inflig\u00e9e \u00e0 la BBC par le r\u00e9gulateur des m\u00e9dias, l&rsquo;Ofcom, \u00e0 propos d&rsquo;un documentaire sur Gaza jug\u00e9 trompeur.<\/p>\n<p>    La suite apr\u00e8s cette publicit\u00e9<\/p>\n<p>L&rsquo;\u00e9t\u00e9 dernier, le groupe audiovisuel s&rsquo;\u00e9tait d\u00e9j\u00e0 retrouv\u00e9 dans la tourmente\u00a0apr\u00e8s la retransmission en direct d&rsquo;un concert au festival de Glastonbury du duo de rappeurs Bob Vylan, dont l&rsquo;un des membres avait scand\u00e9 \u00ab\u00a0Mort, mort aux IDF !\u00a0\u00bb, les forces arm\u00e9es isra\u00e9liennes. La BBC avait ensuite exprim\u00e9 ses regrets de ne pas avoir arr\u00eat\u00e9 la diffusion.<\/p>\n<p>Des erreurs ont \u00e9t\u00e9 \u00ab\u00a0commises\u00a0\u00bb, a reconnu le directeur g\u00e9n\u00e9ral<\/p>\n<p>Dans un message destin\u00e9 \u00e0 ses collaborateurs, et o\u00f9 il annonce sa d\u00e9mission, Tim Davie a reconnu que le \u00ab\u00a0d\u00e9bat actuel autour de l&rsquo;information de la BBC\u00a0\u00bb avait \u00ab\u00a0contribu\u00e9 \u00e0 (s)a d\u00e9cision\u00a0\u00bb.\u00a0\u00ab\u00a0Si la BBC travaille globalement bien, il y a eu des erreurs commises et, au bout du compte, le directeur g\u00e9n\u00e9ral doit en assumer la responsabilit\u00e9\u00a0\u00bb, a-t-il ajout\u00e9.<\/p>\n<p>Dans sa lettre au personnel,\u00a0Deborah Turness a expliqu\u00e9\u00a0que la \u00ab\u00a0controverse actuelle autour du reportage &lsquo;Panorama&rsquo; sur le pr\u00e9sident Trump est arriv\u00e9e \u00e0 un stade o\u00f9 elle porte pr\u00e9judice \u00e0 la BBC (&#8230;) Les accusations r\u00e9centes selon lesquelles BBC News serait institutionnellement partiale sont fausses\u00a0\u00bb, a-t-elle affirm\u00e9.\u00a0BBC News \u00ab\u00a0est la source d&rsquo;information la plus fiable au monde\u00a0\u00bb, a-t-elle ajout\u00e9 devant des journalistes en r\u00e9ponse \u00e0 la sortie de Donald Trump.<\/p>\n","protected":false},"excerpt":{"rendered":"C&rsquo;est un coup de tonnerre outre-Manche : le directeur g\u00e9n\u00e9ral de la BBC, Tim Davie, et la patronne&hellip;\n","protected":false},"author":2,"featured_media":524878,"comment_status":"","ping_status":"","sticky":false,"template":"","format":"standard","meta":{"footnotes":""},"categories":[1588],"tags":[11,1777,674,12,473,1853,1851,1850,1852],"class_list":{"0":"post-524877","1":"post","2":"type-post","3":"status-publish","4":"format-standard","5":"has-post-thumbnail","7":"category-royaume-uni","8":"tag-actualites","9":"tag-eu","10":"tag-europe","11":"tag-news","12":"tag-royaume-uni","13":"tag-royaume-uni-de-grande-bretagne-et-dirlande-du-nord","14":"tag-uk","15":"tag-united-kingdom","16":"tag-united-kingdom-of-great-britain-and-northern-ireland"},"share_on_mastodon":{"url":"https:\/\/pubeurope.com\/@fr\/115525398411895562","error":""},"_links":{"self":[{"href":"https:\/\/www.europesays.com\/fr\/wp-json\/wp\/v2\/posts\/524877","targetHints":{"allow":["GET"]}}],"collection":[{"href":"https:\/\/www.europesays.com\/fr\/wp-json\/wp\/v2\/posts"}],"about":[{"href":"https:\/\/www.europesays.com\/fr\/wp-json\/wp\/v2\/types\/post"}],"author":[{"embeddable":true,"href":"https:\/\/www.europesays.com\/fr\/wp-json\/wp\/v2\/users\/2"}],"replies":[{"embeddable":true,"href":"https:\/\/www.europesays.com\/fr\/wp-json\/wp\/v2\/comments?post=524877"}],"version-history":[{"count":0,"href":"https:\/\/www.europesays.com\/fr\/wp-json\/wp\/v2\/posts\/524877\/revisions"}],"wp:featuredmedia":[{"embeddable":true,"href":"https:\/\/www.europesays.com\/fr\/wp-json\/wp\/v2\/media\/524878"}],"wp:attachment":[{"href":"https:\/\/www.europesays.com\/fr\/wp-json\/wp\/v2\/media?parent=524877"}],"wp:term":[{"taxonomy":"category","embeddable":true,"href":"https:\/\/www.europesays.com\/fr\/wp-json\/wp\/v2\/categories?post=524877"},{"taxonomy":"post_tag","embeddable":true,"href":"https:\/\/www.europesays.com\/fr\/wp-json\/wp\/v2\/tags?post=524877"}],"curies":[{"name":"wp","href":"https:\/\/api.w.org\/{rel}","templated":true}]}}