{"id":524881,"date":"2025-11-10T12:29:13","date_gmt":"2025-11-10T12:29:13","guid":{"rendered":"https:\/\/www.europesays.com\/fr\/524881\/"},"modified":"2025-11-10T12:29:13","modified_gmt":"2025-11-10T12:29:13","slug":"la-france-reinventee-ce-livre-qui-presse-la-france-et-leurope-a-sauver-un-modele-social-que-le-monde-nous-envie","status":"publish","type":"post","link":"https:\/\/www.europesays.com\/fr\/524881\/","title":{"rendered":"La France r\u00e9invent\u00e9e, ce livre qui presse la France et l\u2019Europe \u00e0 sauver un mod\u00e8le social \u00abque le monde nous envie\u00bb"},"content":{"rendered":"<p>\n    L\u2019\u00e9conomiste Patrick Artus et la journaliste \u00e9conomique Marie-Paule Virard donnent leur diagnostic sur la crise actuelle et pr\u00e9cisent la voie \u00e0 suivre pour sauver un mod\u00e8le social de plus en plus d\u00e9cri\u00e9.<\/p>\n<p class=\"fig-paragraph\">Le\u00a0<a href=\"http:\/\/www.lefigaro.fr\/politique\/dossier\/les-secrets-de-l-assemblee-nationale\" data-fig-type=\"Topic\" data-gtm-custom-categorie=\"navigation\" data-gtm-custom-action=\"crossclick\" data-gtm-custom-label=\"Contextuel\" data-gtm-event=\"customEventSPE\" data-fig-domain=\"LEFIGARO\" rel=\"nofollow noopener\" target=\"_blank\">Palais Bourbon<\/a>, dont la fa\u00e7ade est c\u00e9l\u00e8bre pour son absence de fen\u00eatres, ne pr\u00e9dispose pas aux visions claires sur l\u2019avenir. Les d\u00e9put\u00e9s qui souhaiteraient sortir de leur chaudron et de leur myopie path\u00e9tique auraient donc int\u00e9r\u00eat \u00e0 lire le livre de l\u2019\u00e9conomiste\u00a0<a href=\"https:\/\/www.lefigaro.fr\/conjoncture\/patrick-artus-attention-a-ne-pas-degrader-davantage-l-attractivite-de-l-economie-francaise-20240701\" data-fig-type=\"Article\" data-gtm-custom-categorie=\"navigation\" data-gtm-custom-action=\"crossclick\" data-gtm-custom-label=\"Contextuel\" data-gtm-event=\"customEventSPE\" data-fig-domain=\"LEFIGARO\" rel=\"nofollow noopener\" target=\"_blank\">Patrick Artus<\/a>\u00a0et de la journaliste \u00e9conomique Marie-Paule Virard\u00a0: La\u00a0France r\u00e9invent\u00e9e, avec en sous-titre Pour un nouveau mod\u00e8le social fran\u00e7ais et europ\u00e9en (\u00c9ditions Odile Jacob).<\/p>\n<p class=\"fig-paragraph\">Tout est dit en 175\u00a0pages\u00a0: le diagnostic sur la crise actuelle et l\u2019urgence \u00e0 r\u00e9agir, la voie \u00e0 suivre pour sauver un mod\u00e8le social de plus en plus d\u00e9cri\u00e9 de l\u2019int\u00e9rieur \u00ab\u200amais que le monde nous envie\u00a0\u00bb, jugent les auteurs avec cl\u00e9mence. Tout d\u2019abord, le d\u00e9crochage vis-\u00e0-vis des \u00c9tats-Unis de la part du Vieux Continent, qui n\u2019a jamais aussi bien m\u00e9rit\u00e9 cette appellation. Ensuite, les raisons de ce retard, \u00e0 l\u2019\u00e9vidence technologique, mais aussi culturel pour s\u2019adapter aux r\u00e9volutions qui se chevauchent (num\u00e9rique, biotechnologies, IA)<\/p>\n<p class=\"fig-premium-paywall__infos\">\n        Cet article est r\u00e9serv\u00e9 aux abonn\u00e9s.        Il vous reste 72% \u00e0 d\u00e9couvrir.\n    <\/p>\n<p>                <img  data- alt=\"Le Figaro\" class=\"fig-img--complete fig-img\"\/><\/p>\n<p class=\"fig-premium-paywall__title\">Black Friday<\/p>\n<p class=\"fig-premium-paywall__subtitle\">-70% sur l&rsquo;abonnement num\u00e9rique<\/p>\n<p class=\"fig-premium-paywall__connect\">\n                D\u00e9j\u00e0 abonn\u00e9\u00a0?                <a class=\"fig-premium-paywall__connect-link\" href=\"https:\/\/connect.lefigaro.fr\/login?client=horizon_web&amp;type=main&amp;redirect_uri=https%3A%2F%2Fwww.lefigaro.fr%2Fconjoncture%2Fla-france-reinventee-ce-livre-qui-presse-la-france-et-l-europe-a-sauver-un-modele-social-que-le-monde-nous-envie-20251110\" data-js-gtm=\"{&quot;customCategorie&quot;: &quot;conversion&quot;, &quot;customAction&quot;: &quot;before_Landing_Connexion_paywall_auto&quot;, &quot;customLabel&quot;: &quot;bGVmaWdhcm8uZnJfXzFmMGJlMmEzLTEyODgtNmFjOC05ZTliLTZiMzdiODI0YzlhMl9fQXJ0aWNsZQ==_&lt;i&gt;La France r\u00e9invent\u00e9e, &lt;\/i&gt;ce livre qui presse la France et l\u2019Europe \u00e0 sauver un mod\u00e8le social \u00abque le monde nous envie\u00bb_547&quot;, &quot;customIDSPE&quot;: &quot;bGVmaWdhcm8uZnJfXzFmMGJlMmEzLTEyODgtNmFjOC05ZTliLTZiMzdiODI0YzlhMl9fQXJ0aWNsZQ==&quot;, &quot;event&quot;: &quot;customEventSPE&quot;}\" rel=\"nofollow noopener\" target=\"_blank\"><br \/>\n                    Connectez-vous<br \/>\n                <\/a>\n            <\/p>\n","protected":false},"excerpt":{"rendered":"L\u2019\u00e9conomiste Patrick Artus et la journaliste \u00e9conomique Marie-Paule Virard donnent leur diagnostic sur la crise actuelle et pr\u00e9cisent&hellip;\n","protected":false},"author":2,"featured_media":524882,"comment_status":"","ping_status":"","sticky":false,"template":"","format":"standard","meta":{"footnotes":""},"categories":[1586],"tags":[11,1777,674,1011,27,17912,12,25],"class_list":{"0":"post-524881","1":"post","2":"type-post","3":"status-publish","4":"format-standard","5":"has-post-thumbnail","7":"category-europe","8":"tag-actualites","9":"tag-eu","10":"tag-europe","11":"tag-fr","12":"tag-france","13":"tag-mario-draghi","14":"tag-news","15":"tag-republique-francaise"},"share_on_mastodon":{"url":"https:\/\/pubeurope.com\/@fr\/115525410845833272","error":""},"_links":{"self":[{"href":"https:\/\/www.europesays.com\/fr\/wp-json\/wp\/v2\/posts\/524881","targetHints":{"allow":["GET"]}}],"collection":[{"href":"https:\/\/www.europesays.com\/fr\/wp-json\/wp\/v2\/posts"}],"about":[{"href":"https:\/\/www.europesays.com\/fr\/wp-json\/wp\/v2\/types\/post"}],"author":[{"embeddable":true,"href":"https:\/\/www.europesays.com\/fr\/wp-json\/wp\/v2\/users\/2"}],"replies":[{"embeddable":true,"href":"https:\/\/www.europesays.com\/fr\/wp-json\/wp\/v2\/comments?post=524881"}],"version-history":[{"count":0,"href":"https:\/\/www.europesays.com\/fr\/wp-json\/wp\/v2\/posts\/524881\/revisions"}],"wp:featuredmedia":[{"embeddable":true,"href":"https:\/\/www.europesays.com\/fr\/wp-json\/wp\/v2\/media\/524882"}],"wp:attachment":[{"href":"https:\/\/www.europesays.com\/fr\/wp-json\/wp\/v2\/media?parent=524881"}],"wp:term":[{"taxonomy":"category","embeddable":true,"href":"https:\/\/www.europesays.com\/fr\/wp-json\/wp\/v2\/categories?post=524881"},{"taxonomy":"post_tag","embeddable":true,"href":"https:\/\/www.europesays.com\/fr\/wp-json\/wp\/v2\/tags?post=524881"}],"curies":[{"name":"wp","href":"https:\/\/api.w.org\/{rel}","templated":true}]}}