{"id":524885,"date":"2025-11-10T12:31:15","date_gmt":"2025-11-10T12:31:15","guid":{"rendered":"https:\/\/www.europesays.com\/fr\/524885\/"},"modified":"2025-11-10T12:31:15","modified_gmt":"2025-11-10T12:31:15","slug":"sur-rtl-charlotte-raconte-pour-la-premiere-fois-comment-elle-a-ete-sauvee-au-bataclan-le-13-novembre-2015","status":"publish","type":"post","link":"https:\/\/www.europesays.com\/fr\/524885\/","title":{"rendered":"sur RTL, Charlotte raconte pour la premi\u00e8re fois comment elle a \u00e9t\u00e9 sauv\u00e9e au Bataclan le 13 novembre 2015"},"content":{"rendered":"<p class=\"article-p mdl\">La vid\u00e9o avait fait le tour du monde. Une jeune femme enceinte, suspendue dans le vide, au deuxi\u00e8me \u00e9tage du Bataclan appelant \u00e0 l&rsquo;aide. Dix ans apr\u00e8s les attentats du 13-Novembre, elle t\u00e9moigne pour la premi\u00e8re fois dans les m\u00e9dias.<br \/><strong>Charlotte, l&rsquo;une des victimes du Bataclan, explique son silence au micro de RTL ce lundi 10 novembre.<\/strong>\u00a0\u00ab\u00a0Je ne pense pas que \u00e7a ait un rapport avec le statut de victime avec lequel je ne crois jamais \u00e9t\u00e9 mal \u00e0 l&rsquo;aise. J&rsquo;ai plus voulu vivre \u00e7a \u00e0 mon rythme, sans qu&rsquo;on m&rsquo;impose de parler trop t\u00f4t, me laisser vivre les choses \u00e0 ma mani\u00e8re\u00a0\u00bb.<\/p>\n<p class=\"article-p mdl\">Sur RTL, <strong>Charlotte est accompagn\u00e9e de\u00a0Daniel Psenny<\/strong>. Lui \u00e9tait journaliste au Monde \u00e0 l&rsquo;\u00e9poque et a film\u00e9 une sc\u00e8ne qui a fait le tour du monde et qui appara\u00eetra dans son documentaire, Vendredi Noir, diffus\u00e9 le 12 novembre prochain sur LCP. Pour la premi\u00e8re fois, elle raconte comment elle a \u00e9t\u00e9 sauv\u00e9e, accroch\u00e9e \u00e0 l&rsquo;une des fen\u00eatres du Bataclan.\u00a0<\/p>\n<p class=\"article-p mdl\">\u00ab\u00a0Je vais l\u00e2cher, je suis enceinte, je vous en supplie\u00a0\u00bb, dit-elle, suspendue \u00e0 une fen\u00eatre. \u00ab\u00a0C&rsquo;est la seule issue que j&rsquo;ai aper\u00e7ue, raconte-t-elle<br \/>au micro de Marc-Olivier Fogiel. C&rsquo;est quelque chose qui m\u00e8ne sur l&rsquo;ext\u00e9rieur du Bataclan, pour moi, dans ma t\u00eate, on n&rsquo;est qu&rsquo;au premier balcon et je me dis que c&rsquo;est l&rsquo;\u00e9quivalent d&rsquo;un premier \u00e9tage et que le delta ne serait pas \u00e9norme et que je pourrais sauter comme \u00e7a\u00a0\u00bb.<\/p>\n<p class=\"article-p mdl\">Mais elle est contrainte d&rsquo;appeler \u00e0 l&rsquo;aide. Un homme, S\u00e9bastien,\u00a0la ram\u00e8ne \u00e0 l&rsquo;int\u00e9rieur. \u00ab\u00a0On ne se regarde pas avec le regard de la peur ou de la panique ou de la sid\u00e9ration, se souvient-elle, on se regarde avec <strong>un regard de profonde humanit\u00e9.<\/strong> Il y a des sourires qui se dessinent sur nos l\u00e8vres alors qu&rsquo;on est vraiment dans un moment tragique\u00a0\u00bb.<\/p>\n<p class=\"article-p mdl\">Parce qu&rsquo;\u00e0 l&rsquo;int\u00e9rieur, les terroristes sont toujours l\u00e0, on va y venir, et \u00e7a tire de partout, et donc ils vous ram\u00e8nent, parce que si vous l\u00e2chiez, vous faisiez tr\u00e8s mal, mais ils vous ram\u00e8nent \u00e9videmment dans le danger. Apr\u00e8s les attentats, <strong>Charlotte a pu s&rsquo;entretenir avec celui qui lui a sauv\u00e9 la vie.<\/strong> \u00ab\u00a0C&rsquo;est quelqu&rsquo;un qui aura marqu\u00e9 ma vie \u00e0 tout jamais, assure-t-elle, que je porterai toujours en moi. Enfin, il y aura toujours une part de lui en moi\u00a0\u00bb.<\/p>\n<p>    L&rsquo;\u00e9quipe de l&rsquo;\u00e9mission vous recommande<\/p>\n<p class=\"s-newsletter__title\">\n                L\u2019actualit\u00e9 par la r\u00e9daction de RTL dans votre bo\u00eete mail.\n            <\/p>\n<p class=\"s-newsletter__subtitle\">\n                Gr\u00e2ce \u00e0 votre compte RTL abonnez-vous \u00e0 la newsletter RTL info pour suivre toute l&rsquo;actualit\u00e9 au quotidien\n            <\/p>\n<p>\n                                    Lire la suite\n                                <\/p>\n","protected":false},"excerpt":{"rendered":"La vid\u00e9o avait fait le tour du monde. Une jeune femme enceinte, suspendue dans le vide, au deuxi\u00e8me&hellip;\n","protected":false},"author":2,"featured_media":524886,"comment_status":"","ping_status":"","sticky":false,"template":"","format":"standard","meta":{"footnotes":""},"categories":[2],"tags":[64188,11,898,107,1011,27,303,1249,12,25,1254],"class_list":{"0":"post-524885","1":"post","2":"type-post","3":"status-publish","4":"format-standard","5":"has-post-thumbnail","7":"category-actualites","8":"tag-13-novembre","9":"tag-actualites","10":"tag-alerte","11":"tag-fil-info","12":"tag-fr","13":"tag-france","14":"tag-justice","15":"tag-justice-francaise","16":"tag-news","17":"tag-republique-francaise","18":"tag-terrorisme"},"share_on_mastodon":{"url":"https:\/\/pubeurope.com\/@fr\/115525418019243564","error":""},"_links":{"self":[{"href":"https:\/\/www.europesays.com\/fr\/wp-json\/wp\/v2\/posts\/524885","targetHints":{"allow":["GET"]}}],"collection":[{"href":"https:\/\/www.europesays.com\/fr\/wp-json\/wp\/v2\/posts"}],"about":[{"href":"https:\/\/www.europesays.com\/fr\/wp-json\/wp\/v2\/types\/post"}],"author":[{"embeddable":true,"href":"https:\/\/www.europesays.com\/fr\/wp-json\/wp\/v2\/users\/2"}],"replies":[{"embeddable":true,"href":"https:\/\/www.europesays.com\/fr\/wp-json\/wp\/v2\/comments?post=524885"}],"version-history":[{"count":0,"href":"https:\/\/www.europesays.com\/fr\/wp-json\/wp\/v2\/posts\/524885\/revisions"}],"wp:featuredmedia":[{"embeddable":true,"href":"https:\/\/www.europesays.com\/fr\/wp-json\/wp\/v2\/media\/524886"}],"wp:attachment":[{"href":"https:\/\/www.europesays.com\/fr\/wp-json\/wp\/v2\/media?parent=524885"}],"wp:term":[{"taxonomy":"category","embeddable":true,"href":"https:\/\/www.europesays.com\/fr\/wp-json\/wp\/v2\/categories?post=524885"},{"taxonomy":"post_tag","embeddable":true,"href":"https:\/\/www.europesays.com\/fr\/wp-json\/wp\/v2\/tags?post=524885"}],"curies":[{"name":"wp","href":"https:\/\/api.w.org\/{rel}","templated":true}]}}