{"id":524893,"date":"2025-11-10T12:41:15","date_gmt":"2025-11-10T12:41:15","guid":{"rendered":"https:\/\/www.europesays.com\/fr\/524893\/"},"modified":"2025-11-10T12:41:15","modified_gmt":"2025-11-10T12:41:15","slug":"du-changement-a-gand-wevelgem-actualite","status":"publish","type":"post","link":"https:\/\/www.europesays.com\/fr\/524893\/","title":{"rendered":"Du changement \u00e0 Gand-Wevelgem &#8211; Actualit\u00e9"},"content":{"rendered":"<p style=\"text-align: justify;\">\u00c0 partir de 2026, la classique Hommes WorldTour Gand-Wevelgem partira de Middelkerke. Un partenariat de dix ans a \u00e9t\u00e9 sign\u00e9 entre l\u2019organisation, Flanders Classic, et la commune de Flandre-Occidentale situ\u00e9e sur les bords de la mer du Nord et qui accueillait ce week-end le Championnat d\u2019Europe de cyclo-cross. Depuis 2014, le d\u00e9part officiel se faisait \u00e0 Ypres.<\/p>\n<p>L\u2019\u00e9dition 2026, qui aura lieu le 29 mars, va ainsi conna\u00eetre du changement dans son parcours. Mais il ne sera pas boulevers\u00e9 puisque les Moeren, le Kemmelberg et les Plugstreets seront toujours sur la carte. \u201cUne chose est certaine : la Grande Guerre restera toujours profond\u00e9ment ancr\u00e9e dans cette course. L\u2019objectif est \u00e9galement de conserver le passage dans le centre d\u2019Ypres dans la partie finale. Cette course est impr\u00e9gn\u00e9e d\u2019histoire mondiale, ce qui lui conf\u00e8re une identit\u00e9 absolument unique dans le cyclisme. C\u2019est sur cela que nous continuerons \u00e0 nous appuyer\u201d, a indiqu\u00e9 dans un communiqu\u00e9 Tomas Van Den Spiegel, le patron de Flanders Classics.<\/p>\n<p>La course Femmes, qui se dispute le m\u00eame jour que celle des Hommes, aura \u00e9galement un nouveau lieu de d\u00e9part. Les concurrentes ne s\u2019\u00e9lanceront plus d\u2019Ypres mais de\u2026 Wevelgem, qui accueillera toujours l\u2019arriv\u00e9e des deux courses. \u201cL\u2019UCI fixe des distances de course maximales pour les \u00e9preuves f\u00e9minines, et nous devons nous y conformer. Cela rend un d\u00e9part des Femmes \u00e0 Middelkerke impossible\u201d, a indiqu\u00e9 Tomas Van Den Spiegel.<\/p>\n<p>En revanche, Ypres accueillera toujours en mai, le 10, toutes les courses jeunes de Gand-Wevelgem dont la Kattekoers chez les Espoirs Hommes.<\/p>\n","protected":false},"excerpt":{"rendered":"\u00c0 partir de 2026, la classique Hommes WorldTour Gand-Wevelgem partira de Middelkerke. Un partenariat de dix ans a&hellip;\n","protected":false},"author":2,"featured_media":524894,"comment_status":"","ping_status":"","sticky":false,"template":"","format":"standard","meta":{"footnotes":""},"categories":[1411],"tags":[834,828,836,829,837,827,83,826,824,823,1154,207,814,817,815,816,822,821,832,211,839,1011,27,820,818,819,835,831,830,833,838,60,212,208,825],"class_list":{"0":"post-524893","1":"post","2":"type-post","3":"status-publish","4":"format-standard","5":"has-post-thumbnail","7":"category-cyclisme","8":"tag-attaque","9":"tag-belgique","10":"tag-braquet","11":"tag-bretagne","12":"tag-chute","13":"tag-competition","14":"tag-coupe-de-france","15":"tag-coureur","16":"tag-course-cyclisme","17":"tag-course-cycliste","18":"tag-cycling","19":"tag-cyclisme","20":"tag-direct","21":"tag-direct-velo","22":"tag-directvelo","23":"tag-directvelo-com","24":"tag-epreuve","25":"tag-epreuve-cycliste","26":"tag-federation-francaise-de-cyclisme","27":"tag-ffc","28":"tag-flandres","29":"tag-fr","30":"tag-france","31":"tag-live","32":"tag-live-course","33":"tag-live-epreuve","34":"tag-peloton","35":"tag-radio-peloton","36":"tag-radio-tour","37":"tag-ravitaillement","38":"tag-relance","39":"tag-sports","40":"tag-uci","41":"tag-velo","42":"tag-velos"},"share_on_mastodon":{"url":"https:\/\/pubeurope.com\/@fr\/115525457417805572","error":""},"_links":{"self":[{"href":"https:\/\/www.europesays.com\/fr\/wp-json\/wp\/v2\/posts\/524893","targetHints":{"allow":["GET"]}}],"collection":[{"href":"https:\/\/www.europesays.com\/fr\/wp-json\/wp\/v2\/posts"}],"about":[{"href":"https:\/\/www.europesays.com\/fr\/wp-json\/wp\/v2\/types\/post"}],"author":[{"embeddable":true,"href":"https:\/\/www.europesays.com\/fr\/wp-json\/wp\/v2\/users\/2"}],"replies":[{"embeddable":true,"href":"https:\/\/www.europesays.com\/fr\/wp-json\/wp\/v2\/comments?post=524893"}],"version-history":[{"count":0,"href":"https:\/\/www.europesays.com\/fr\/wp-json\/wp\/v2\/posts\/524893\/revisions"}],"wp:featuredmedia":[{"embeddable":true,"href":"https:\/\/www.europesays.com\/fr\/wp-json\/wp\/v2\/media\/524894"}],"wp:attachment":[{"href":"https:\/\/www.europesays.com\/fr\/wp-json\/wp\/v2\/media?parent=524893"}],"wp:term":[{"taxonomy":"category","embeddable":true,"href":"https:\/\/www.europesays.com\/fr\/wp-json\/wp\/v2\/categories?post=524893"},{"taxonomy":"post_tag","embeddable":true,"href":"https:\/\/www.europesays.com\/fr\/wp-json\/wp\/v2\/tags?post=524893"}],"curies":[{"name":"wp","href":"https:\/\/api.w.org\/{rel}","templated":true}]}}