{"id":524899,"date":"2025-11-10T12:44:12","date_gmt":"2025-11-10T12:44:12","guid":{"rendered":"https:\/\/www.europesays.com\/fr\/524899\/"},"modified":"2025-11-10T12:44:12","modified_gmt":"2025-11-10T12:44:12","slug":"le-christ-en-croix-chef-doeuvre-disparu-de-rubens-expose-a-leglise-de-fontainebleau","status":"publish","type":"post","link":"https:\/\/www.europesays.com\/fr\/524899\/","title":{"rendered":"Le Christ en croix, chef d&rsquo;\u0153uvre disparu de Rubens expos\u00e9 \u00e0 l&rsquo;\u00e9glise de Fontainebleau"},"content":{"rendered":"<p>            Par<br \/>\n        <strong><br \/>\n            <a href=\"https:\/\/actu.fr\/auteur\/julien-vancaeyseele\" title=\"Consulter tous les articles de Julien Van Caeyseele\" target=\"_blank\" rel=\"noopener\">Julien Van Caeyseele<\/a><br \/>\n        <\/strong><\/p>\n<p>        Publi\u00e9 le<\/p>\n<p>            10 nov. 2025 \u00e0 6h06        <\/p>\n<p>\u00ab\u00a0Sa simple vision m\u2019a transperc\u00e9 le c\u0153ur\u2026 La pr\u00e9cision du d\u00e9tail de Rubens invite, celui qui contemple la peinture, \u00e0 une r\u00e9flexion sur la passion du Christ : l\u2019art permet ici de transmettre une dimension spirituelle !\u00a0\u00bb La confession est sign\u00e9e du <b>p\u00e8re Jos\u00e9 Antonini,<\/b> cur\u00e9<a href=\"https:\/\/actu.fr\/ile-de-france\/fontainebleau_77186\" target=\"_blank\" rel=\"noopener\"> de Fontainebleau <\/a>(<b>Seine-et-Marne<\/b>), <a href=\"https:\/\/actu.fr\/ile-de-france\/fontainebleau_77186\/bientot-vendu-a-versailles-le-chef-doeuvre-de-rubens-decouvert-a-paris-sera-bientot-expose-en-seine-et-marne_63290816.html\" target=\"_blank\" rel=\"noopener\">quand il a vu pour la premi\u00e8re fois la toile<\/a> Le Christ en croix, de Pierre Paul Rubens (1577-1640). Cette peinture exceptionnelle \u2013 r\u00e9alis\u00e9e par le ma\u00eetre flamand vers 1614-1615 \u2013 disparue depuis 400 ans et retrouv\u00e9e par hasard par Jean-Pierre Osenat dans un h\u00f4tel particulier parisien en 2024 sera pr\u00e9sent\u00e9e en avant-premi\u00e8re aux habitants de Fontainebleau.<\/p>\n<p>\u00ab\u00a0Une d\u00e9couverte majeure pour l\u2019histoire de l\u2019art\u00a0\u00bb<\/p>\n<p class=\" wall-content\">\u00a0Ils pourront la d\u00e9couvrir mardi 11 novembre \u00e0 partir de 17 heures, au sein de la<b> chapelle de Franchard<\/b>, <a href=\"https:\/\/actu.fr\/ile-de-france\/fontainebleau_77186\/seine-et-marne-achete-aux-encheres-mais-finalement-offert-le-coq-historique-a-retrouve-son-eglise_61667888.html\" target=\"_blank\" rel=\"noopener\">\u00e0 l\u2019\u00e9glise Saint-Louis<\/a>. Une occasion unique d\u2019admirer ce chef-d\u2019\u0153uvre, \u00ab\u00a0d\u00e9couverte majeure pour l\u2019histoire de l\u2019art\u00a0\u00bb, mais qui, une fois n\u2019est pas coutume, sera vendue aux ench\u00e8res \u00e0 Versailles.<\/p>\n<p class=\" wall-content\">La pr\u00e9sentation se fera en pr\u00e9sence de la restauratrice Catherine Polnecq, qui a \u00e9t\u00e9 charg\u00e9e de l\u2019analyse scientifique du tableau. Il aura fallu des mois pour parvenir \u00e0 cette authentification : l\u2019\u0153uvre est pass\u00e9e par des analyses de pigments, des analyses chimiques, des radiographies. Une enqu\u00eate minutieuse durant laquelle les experts ont pu s\u2019appuyer sur une gravure de l\u2019\u0153uvre en question.<\/p>\n<p>L\u2019\u00e9glise Saint-Louis, un mus\u00e9e \u00e0 part enti\u00e8re<\/p>\n<p class=\" wall-content\">\u00ab\u00a0Elle expliquera notamment le travail d\u2019authentification\u00a0\u00bb, confie Jean-Pierre Osenat, qui assure qu\u2019on ne lui a \u00ab\u00a0jamais ramen\u00e9 autant de tableau de Christ \u00e0 expertiser depuis l\u2019annonce de la d\u00e9couverte\u2026\u00a0\u00bb Mais tout le monde n\u2019a pas un Rubens chez soi !<\/p>\n<p>Vid\u00e9os : en ce moment sur Actu<\/p>\n<p class=\" wall-content\">\u00a0Le commissaire-priseur de Fontainebleau tenait \u00e0 pr\u00e9senter la toile dans la cit\u00e9 imp\u00e9riale : \u00ab\u00a0Il faut absolument que les gens viennent le voir, c\u2019est une chance unique et surtout la possibilit\u00e9 de voir une \u0153uvre qui transmet une v\u00e9ritable \u00e9motion\u00a0\u00bb, promet-il. Les fid\u00e8les pourront se recueillir devant l\u2019\u0153uvre et les curieux pourront aussi d\u00e9couvrir les nombreuses toiles historiques et spirituelles qui font, de l\u2019\u00e9glise Saint-Louis, un mus\u00e9e \u00e0 part enti\u00e8re.<\/p>\n<p class=\" wall-content\">Personnalisez votre actualit\u00e9 en ajoutant vos villes et m\u00e9dias en favori avec <a href=\"https:\/\/moncompte.actu.fr\" title=\"D\u00e9couvez Mon Actu\" rel=\"nofollow noopener\" data-trk=\"{&quot;cta&quot;:{&quot;action&quot;:&quot;https:\\\/\\\/moncompte.actu.fr&quot;,&quot;category&quot;:&quot;mon compte&quot;,&quot;from&quot;:&quot;article footer&quot;,&quot;name&quot;:&quot;Mon actu&quot;,&quot;type&quot;:&quot;cta&quot;}}\" target=\"_blank\">Mon Actu<\/a>.<\/p>\n","protected":false},"excerpt":{"rendered":"Par Julien Van Caeyseele Publi\u00e9 le 10 nov. 2025 \u00e0 6h06 \u00ab\u00a0Sa simple vision m\u2019a transperc\u00e9 le c\u0153ur\u2026&hellip;\n","protected":false},"author":2,"featured_media":524900,"comment_status":"","ping_status":"","sticky":false,"template":"","format":"standard","meta":{"footnotes":""},"categories":[1358],"tags":[1348,1384,1385,1386,58,59,7405,1011,27,937,1757,104],"class_list":{"0":"post-524899","1":"post","2":"type-post","3":"status-publish","4":"format-standard","5":"has-post-thumbnail","7":"category-arts-et-design","8":"tag-arts","9":"tag-arts-and-design","10":"tag-arts-et-design","11":"tag-design","12":"tag-divertissement","13":"tag-entertainment","14":"tag-fontainebleau","15":"tag-fr","16":"tag-france","17":"tag-histoire","18":"tag-insolite","19":"tag-societe"},"share_on_mastodon":{"url":"https:\/\/pubeurope.com\/@fr\/115525468999440602","error":""},"_links":{"self":[{"href":"https:\/\/www.europesays.com\/fr\/wp-json\/wp\/v2\/posts\/524899","targetHints":{"allow":["GET"]}}],"collection":[{"href":"https:\/\/www.europesays.com\/fr\/wp-json\/wp\/v2\/posts"}],"about":[{"href":"https:\/\/www.europesays.com\/fr\/wp-json\/wp\/v2\/types\/post"}],"author":[{"embeddable":true,"href":"https:\/\/www.europesays.com\/fr\/wp-json\/wp\/v2\/users\/2"}],"replies":[{"embeddable":true,"href":"https:\/\/www.europesays.com\/fr\/wp-json\/wp\/v2\/comments?post=524899"}],"version-history":[{"count":0,"href":"https:\/\/www.europesays.com\/fr\/wp-json\/wp\/v2\/posts\/524899\/revisions"}],"wp:featuredmedia":[{"embeddable":true,"href":"https:\/\/www.europesays.com\/fr\/wp-json\/wp\/v2\/media\/524900"}],"wp:attachment":[{"href":"https:\/\/www.europesays.com\/fr\/wp-json\/wp\/v2\/media?parent=524899"}],"wp:term":[{"taxonomy":"category","embeddable":true,"href":"https:\/\/www.europesays.com\/fr\/wp-json\/wp\/v2\/categories?post=524899"},{"taxonomy":"post_tag","embeddable":true,"href":"https:\/\/www.europesays.com\/fr\/wp-json\/wp\/v2\/tags?post=524899"}],"curies":[{"name":"wp","href":"https:\/\/api.w.org\/{rel}","templated":true}]}}