{"id":524914,"date":"2025-11-10T12:53:17","date_gmt":"2025-11-10T12:53:17","guid":{"rendered":"https:\/\/www.europesays.com\/fr\/524914\/"},"modified":"2025-11-10T12:53:17","modified_gmt":"2025-11-10T12:53:17","slug":"le-gouvernement-affirme-etre-sur-les-rails-pour-respecter-les-previsions-en-2025","status":"publish","type":"post","link":"https:\/\/www.europesays.com\/fr\/524914\/","title":{"rendered":"le gouvernement affirme \u00eatre \u00absur les rails\u00bb pour respecter les pr\u00e9visions en 2025"},"content":{"rendered":"<p>\n    L\u2019engagement du gouvernement de ramener le d\u00e9ficit \u00e0 5,4% du PIB cette ann\u00e9e sera \u00abtenu\u00bb, s\u2019est f\u00e9licit\u00e9e la porte-parole de l\u2019ex\u00e9cutif Maud Bregeon.<\/p>\n<p class=\"fig-paragraph\">Le d\u00e9ficit public est \u00absur les rails\u00bb pour respecter les pr\u00e9visions en 2025, a affirm\u00e9 lundi la porte-parole du gouvernement\u00a0<a href=\"http:\/\/www.lefigaro.fr\/politique\/budget-le-gouvernement-est-sous-la-tutelle-des-577-deputes-rappelle-maud-bregeon-20251102\" data-fig-type=\"Article\" data-gtm-custom-categorie=\"navigation\" data-gtm-custom-action=\"crossclick\" data-gtm-custom-label=\"Contextuel\" data-gtm-event=\"customEventSPE\" data-fig-domain=\"LEFIGARO\" target=\"_blank\" rel=\"noopener\">Maud Bregeon<\/a>, lors de son compte rendu du Conseil des ministres. Les ministres Roland Lescure (\u00c9conomie) et Am\u00e9lie de Montchalin (Comptes publics) ont pr\u00e9sent\u00e9 un texte \u00abqui retrace l\u2019ex\u00e9cution budg\u00e9taire de l\u2019ann\u00e9e 2025\u00bb et constitue une \u00abphotographie de l\u2019ann\u00e9e en cours\u00bb, a-t-elle dit \u00e0 la presse \u00e0 l\u2019issue du Conseil des ministres.<\/p>\n<p class=\"fig-paragraph\">\u00abNous sommes sur les rails pour 2025\u00bb, a-t-elle ajout\u00e9, affirmant que l\u2019engagement de ramener le d\u00e9ficit public \u00e0 5,4% du PIB \u00e9tait \u00abtenu\u00bb. \u00ab\u00c7a prouve que nous sommes capables de ma\u00eetriser nos d\u00e9penses publiques\u00bb, a estim\u00e9 Maud Bregeon. Le gouvernement souhaite ramener le d\u00e9ficit public \u00e0 4,7% du PIB en 2026, apr\u00e8s 5,4% en 2025.<\/p>\n<p>                                    <a class=\"fig-a11y-skip a11y-hidden\" href=\"#fig-a11y-skip-main-inarticle\"><br \/>\n        Passer la publicit\u00e9<br \/>\n    <\/a><\/p>\n<p class=\"fig-paragraph\">En parall\u00e8le, l\u2019\u00e9mission C Dans L\u2019Air (France 5) a r\u00e9v\u00e9l\u00e9 dimanche le contenu d\u2019une lettre d\u2019alerte secr\u00e8te concernant le d\u00e9ficit public envoy\u00e9e au printemps 2024 par Bruno Le Maire, alors ministre de l\u2019\u00c9conomie, \u00e0 Emmanuel Macron,\u00a0<a href=\"http:\/\/www.lefigaro.fr\/conjoncture\/les-notes-secretes-de-bruno-le-maire-sur-le-derapage-du-deficit-20250131\" target=\"_blank\" data-fig-type=\"Article\" rel=\"noopener\" data-gtm-custom-categorie=\"navigation\" data-gtm-custom-action=\"crossclick\" data-gtm-custom-label=\"Contextuel\" data-gtm-event=\"customEventSPE\" data-fig-domain=\"LEFIGARO\">d\u00e9j\u00e0 d\u00e9voil\u00e9e par Le Figaro en f\u00e9vrier dernier<\/a>. Dans cette missive, dat\u00e9e du 6 avril 2024, Bruno Le Maire alertait le pr\u00e9sident de la R\u00e9publique sur le d\u00e9rapage des comptes publics et demandait des mesures d\u2019\u00e9conomies pour limiter le d\u00e9ficit \u00e0 4,9% du PIB en 2024 ainsi qu\u2019une loi de finances rectificative. Des recommandations qui n\u2019avaient pas \u00e9t\u00e9 suivies par Emmanuel Macron.<\/p>\n","protected":false},"excerpt":{"rendered":"L\u2019engagement du gouvernement de ramener le d\u00e9ficit \u00e0 5,4% du PIB cette ann\u00e9e sera \u00abtenu\u00bb, s\u2019est f\u00e9licit\u00e9e la&hellip;\n","protected":false},"author":2,"featured_media":524915,"comment_status":"","ping_status":"","sticky":false,"template":"","format":"standard","meta":{"footnotes":""},"categories":[6],"tags":[13850,35,10259,33,34,1011,27,418],"class_list":{"0":"post-524914","1":"post","2":"type-post","3":"status-publish","4":"format-standard","5":"has-post-thumbnail","7":"category-economie","8":"tag-amelie-de-montchalin","9":"tag-business","10":"tag-deficit","11":"tag-economie","12":"tag-economy","13":"tag-fr","14":"tag-france","15":"tag-gouvernement"},"share_on_mastodon":{"url":"https:\/\/pubeurope.com\/@fr\/115525504542423574","error":""},"_links":{"self":[{"href":"https:\/\/www.europesays.com\/fr\/wp-json\/wp\/v2\/posts\/524914","targetHints":{"allow":["GET"]}}],"collection":[{"href":"https:\/\/www.europesays.com\/fr\/wp-json\/wp\/v2\/posts"}],"about":[{"href":"https:\/\/www.europesays.com\/fr\/wp-json\/wp\/v2\/types\/post"}],"author":[{"embeddable":true,"href":"https:\/\/www.europesays.com\/fr\/wp-json\/wp\/v2\/users\/2"}],"replies":[{"embeddable":true,"href":"https:\/\/www.europesays.com\/fr\/wp-json\/wp\/v2\/comments?post=524914"}],"version-history":[{"count":0,"href":"https:\/\/www.europesays.com\/fr\/wp-json\/wp\/v2\/posts\/524914\/revisions"}],"wp:featuredmedia":[{"embeddable":true,"href":"https:\/\/www.europesays.com\/fr\/wp-json\/wp\/v2\/media\/524915"}],"wp:attachment":[{"href":"https:\/\/www.europesays.com\/fr\/wp-json\/wp\/v2\/media?parent=524914"}],"wp:term":[{"taxonomy":"category","embeddable":true,"href":"https:\/\/www.europesays.com\/fr\/wp-json\/wp\/v2\/categories?post=524914"},{"taxonomy":"post_tag","embeddable":true,"href":"https:\/\/www.europesays.com\/fr\/wp-json\/wp\/v2\/tags?post=524914"}],"curies":[{"name":"wp","href":"https:\/\/api.w.org\/{rel}","templated":true}]}}