{"id":524916,"date":"2025-11-10T12:54:14","date_gmt":"2025-11-10T12:54:14","guid":{"rendered":"https:\/\/www.europesays.com\/fr\/524916\/"},"modified":"2025-11-10T12:54:14","modified_gmt":"2025-11-10T12:54:14","slug":"la-russie-affirme-que-tout-va-bien-avec-serguei-lavrov-malgre-les-rumeurs-de-disgrace","status":"publish","type":"post","link":"https:\/\/www.europesays.com\/fr\/524916\/","title":{"rendered":"La Russie affirme que \u00abtout va bien\u00bb avec Sergue\u00ef Lavrov malgr\u00e9 les rumeurs de disgr\u00e2ce"},"content":{"rendered":"<p>\n    Ces sp\u00e9culations avaient suivi l\u2019\u00e9chec de ses discussions avec l\u2019Am\u00e9ricain Marco Rubio sur un sommet Poutine-Trump \u00e0 Budapest, finalement report\u00e9 sine die.<\/p>\n<p class=\"fig-paragraph\">Le Kremlin a assur\u00e9 lundi 10 novembre que \u00abtout (allait) bien\u00bb avec\u00a0<a href=\"http:\/\/www.lefigaro.fr\/international\/israel-veut-faire-exploser-le-moyen-orient-reponse-resolue-a-toute-attaque-contre-la-russie-ce-qu-il-faut-retenir-du-discours-de-serguei-lavrov-a-l-onu-20250927\" data-fig-type=\"NewsFlash\" data-gtm-custom-categorie=\"navigation\" data-gtm-custom-action=\"crossclick\" data-gtm-custom-label=\"Contextuel\" data-gtm-event=\"customEventSPE\" data-fig-domain=\"LEFIGARO\" target=\"_blank\" rel=\"noopener\">Sergue\u00ef Lavrov<\/a>\u00a0qui \u00abcontinue de travailler activement\u00bb, alors que son absence prolong\u00e9e de l&rsquo;espace public alimente les rumeurs sur une \u00e9ventuelle disgr\u00e2ce du chef de la diplomatie russe.<\/p>\n<p class=\"fig-paragraph\">Les sp\u00e9culations vont bon train dans plusieurs m\u00e9dias \u00e9trangers sur le sort de Lavrov, dont la derni\u00e8re apparition publique remonte \u00e0 fin octobre, certains avan\u00e7ant l&rsquo;hypoth\u00e8se d&rsquo;une disgr\u00e2ce apr\u00e8s son r\u00e9cent \u00e9chec \u00e0 se mettre d&rsquo;accord avec son homologue am\u00e9ricain,<a href=\"http:\/\/www.lefigaro.fr\/international\/echec-du-sommet-trump-poutine-a-budapest-la-russie-rejette-la-faute-sur-l-union-europeenne-20251022\" data-fig-type=\"Article\" data-gtm-custom-categorie=\"navigation\" data-gtm-custom-action=\"crossclick\" data-gtm-custom-label=\"Contextuel\" data-gtm-event=\"customEventSPE\" data-fig-domain=\"LEFIGARO\" target=\"_blank\" rel=\"noopener\">\u00a0Marco Rubio, sur les modalit\u00e9s du sommet Poutine-Trump \u00e0 Budapest<\/a>, report\u00e9 sine die.<\/p>\n<p>                                    <a class=\"fig-a11y-skip a11y-hidden\" href=\"#fig-a11y-skip-main-inarticle\"><br \/>\n        Passer la publicit\u00e9<br \/>\n    <\/a><\/p>\n<p class=\"fig-paragraph\">Ces derniers jours, seules des adresses \u00e9crites ou des interviews vid\u00e9o de Lavrov ont \u00e9t\u00e9 publi\u00e9es sur le site de la diplomatie russe, et sa porte-parole, Maria Zakharova, n&rsquo;a fait aucune annonce sur son agenda public lors de son point de presse hebdomadaire vendredi dernier.<\/p>\n<p>Des sp\u00e9culations \u00ababsolument fausses\u00bb<\/p>\n<p class=\"fig-paragraph\">\u00abSergue\u00ef Viktorovitch (Lavrov) continue de travailler, travailler activement\u00bb, a pour sa part affirm\u00e9 lundi le porte-parole du Kremlin, Dmitri Peskov, lors de son briefing quotidien auquel participe l&rsquo;AFP. \u00abTout va bien\u00bb, a-t-il assur\u00e9, en qualifiant d&rsquo;\u00ababsolument fausses\u00bb les sp\u00e9culations de certains m\u00e9dias sur une \u00e9ventuelle disgr\u00e2ce de Sergue\u00ef Lavrov. \u00abLorsqu&rsquo;il y aura des \u00e9v\u00e8nements publics, vous allez voir le ministre\u00bb, a-t-il promis.<\/p>\n<p class=\"fig-paragraph\">Fin octobre, le pr\u00e9sident am\u00e9ricain,\u00a0<a href=\"https:\/\/video.lefigaro.fr\/figaro\/international\/donald-trump-estime-que-l-ue-devrait-respecter-la-hongrie-et-viktor-orban-20251108\" data-fig-type=\"Video\" data-gtm-custom-categorie=\"navigation\" data-gtm-custom-action=\"crossclick\" data-gtm-custom-label=\"Contextuel\" data-gtm-event=\"customEventSPE\" data-fig-domain=\"LEFIGARO\" target=\"_blank\" rel=\"noopener\">Donald Trump<\/a>, qui avait promis de mettre fin rapidement au\u00a0<a href=\"http:\/\/www.lefigaro.fr\/conjoncture\/guerre-en-ukraine-la-russie-envisage-d-augmenter-la-tva-pour-financer-son-conflit-20250925\" data-fig-type=\"NewsFlash\" data-gtm-custom-categorie=\"navigation\" data-gtm-custom-action=\"crossclick\" data-gtm-custom-label=\"Contextuel\" data-gtm-event=\"customEventSPE\" data-fig-domain=\"LEFIGARO\" target=\"_blank\" rel=\"noopener\">conflit entre la Russie et l&rsquo;Ukraine\u00a0<\/a>\u00e0 son retour \u00e0 la Maison Blanche en janvier, a report\u00e9 sine die un projet de rencontre avec son homologue russe, Vladimir Poutine, \u00e0 Budapest, quelques jours seulement apr\u00e8s qu&rsquo;elle ait \u00e9t\u00e9 annonc\u00e9e. Il a expliqu\u00e9 ne pas vouloir de discussions \u00abpour rien\u00bb, et les \u00c9tats-Unis ont impos\u00e9 le lendemain de nouvelles sanctions sur les hydrocarbures russes.<\/p>\n<p class=\"fig-paragraph\">La d\u00e9claration de Trump est intervenue quelques heures apr\u00e8s un entretien t\u00e9l\u00e9phonique entre Sergue\u00ef Lavrov et Marco Rubio, charg\u00e9s d&rsquo;\u00e9voquer les modalit\u00e9s du sommet alors envisag\u00e9 \u00e0 Budapest.<\/p>\n","protected":false},"excerpt":{"rendered":"Ces sp\u00e9culations avaient suivi l\u2019\u00e9chec de ses discussions avec l\u2019Am\u00e9ricain Marco Rubio sur un sommet Poutine-Trump \u00e0 Budapest,&hellip;\n","protected":false},"author":2,"featured_media":524917,"comment_status":"","ping_status":"","sticky":false,"template":"","format":"standard","meta":{"footnotes":""},"categories":[5],"tags":[11,1011,27,14,12,132,1135,220,28],"class_list":{"0":"post-524916","1":"post","2":"type-post","3":"status-publish","4":"format-standard","5":"has-post-thumbnail","7":"category-international","8":"tag-actualites","9":"tag-fr","10":"tag-france","11":"tag-international","12":"tag-news","13":"tag-russie","14":"tag-serguei-lavrov","15":"tag-ukraine","16":"tag-world"},"share_on_mastodon":{"url":"https:\/\/pubeurope.com\/@fr\/115525508459297623","error":""},"_links":{"self":[{"href":"https:\/\/www.europesays.com\/fr\/wp-json\/wp\/v2\/posts\/524916","targetHints":{"allow":["GET"]}}],"collection":[{"href":"https:\/\/www.europesays.com\/fr\/wp-json\/wp\/v2\/posts"}],"about":[{"href":"https:\/\/www.europesays.com\/fr\/wp-json\/wp\/v2\/types\/post"}],"author":[{"embeddable":true,"href":"https:\/\/www.europesays.com\/fr\/wp-json\/wp\/v2\/users\/2"}],"replies":[{"embeddable":true,"href":"https:\/\/www.europesays.com\/fr\/wp-json\/wp\/v2\/comments?post=524916"}],"version-history":[{"count":0,"href":"https:\/\/www.europesays.com\/fr\/wp-json\/wp\/v2\/posts\/524916\/revisions"}],"wp:featuredmedia":[{"embeddable":true,"href":"https:\/\/www.europesays.com\/fr\/wp-json\/wp\/v2\/media\/524917"}],"wp:attachment":[{"href":"https:\/\/www.europesays.com\/fr\/wp-json\/wp\/v2\/media?parent=524916"}],"wp:term":[{"taxonomy":"category","embeddable":true,"href":"https:\/\/www.europesays.com\/fr\/wp-json\/wp\/v2\/categories?post=524916"},{"taxonomy":"post_tag","embeddable":true,"href":"https:\/\/www.europesays.com\/fr\/wp-json\/wp\/v2\/tags?post=524916"}],"curies":[{"name":"wp","href":"https:\/\/api.w.org\/{rel}","templated":true}]}}