{"id":524936,"date":"2025-11-10T13:06:29","date_gmt":"2025-11-10T13:06:29","guid":{"rendered":"https:\/\/www.europesays.com\/fr\/524936\/"},"modified":"2025-11-10T13:06:29","modified_gmt":"2025-11-10T13:06:29","slug":"luniversite-de-rouen-normandie-et-linternational","status":"publish","type":"post","link":"https:\/\/www.europesays.com\/fr\/524936\/","title":{"rendered":"L\u2019universit\u00e9 de Rouen Normandie et l\u2019international"},"content":{"rendered":"<p>La cr\u00e9ation d\u2019une <strong>internationalisation solidaire et responsable<\/strong>, accessible \u00e0 tous, pr\u00f4nant la r\u00e9ussite et l\u2019acquisition de comp\u00e9tences, permettant une meilleure compr\u00e9hension du monde et une meilleure r\u00e9ponse scientifique aux enjeux soci\u00e9taux, se situe au c\u0153ur des missions de l\u2019Universit\u00e9 de Rouen Normandie.<\/p>\n<p>Son ouverture sur le monde se mat\u00e9rialise \u00e0 travers une grande diversit\u00e9 de <strong>partenariats internationaux<\/strong> avec des \u00e9tablissements d\u2019enseignement sup\u00e9rieur \u00e9trangers, offrant ainsi de nombreuses opportunit\u00e9s de mobilit\u00e9 \u00e0 ses \u00e9tudiantes et \u00e9tudiants et \u00e0 l\u2019ensemble de ses personnels mais aussi \u00e0 ceux des \u00e9tablissements partenaires.<\/p>\n<p>L\u2019URN s\u2019engage par ailleurs depuis de nombreuses ann\u00e9es \u00e0 <strong>am\u00e9liorer les conditions d\u2019accueil et de s\u00e9jour des chercheurs, postdoctorants et doctorants internationaux<\/strong>. Dans le cadre de sa d\u00e9marche HRS4R (Human Resources Strategy for Researchers), l\u2019URN a obtenu le label \u00ab HR Excellence in Research award \u00bb le 24 juillet 2023, t\u00e9moignant plus largement de son engagement en faveur de l\u2019am\u00e9lioration continue des pratiques de recrutement et des conditions de travail dans la recherche.<\/p>\n<p>En tant que membre de l\u2019<strong>Universit\u00e9 europ\u00e9enne INGENIUM<\/strong>, l\u2019Universit\u00e9 de Rouen Normandie renforce son engagement dans la construction de l\u2019Espace europ\u00e9en de l\u2019enseignement sup\u00e9rieur et de la recherche, et contribue activement avec ses neuf autres partenaires aux solutions face aux grands d\u00e9fis des soci\u00e9t\u00e9s europ\u00e9ennes, en proposant des formations, des projets, des activit\u00e9s et \u00e9v\u00e9nements internationaux et pluridisciplinaires.<\/p>\n<p><a href=\"https:\/\/www.univ-rouen.fr\/wp-content\/uploads\/2022\/03\/strategie-internationalisation-2021-2025.pdf\" rel=\"nofollow noopener\" target=\"_blank\">Strat\u00e9gie internationale 2021-2025 de l\u2019URN<\/a><\/p>\n<p><a href=\"https:\/\/www.univ-rouen.fr\/wp-content\/uploads\/2025\/01\/Charte-Erasmus-2021-2027-FR-EN-.pdf\" rel=\"nofollow noopener\" target=\"_blank\">Charte Erasmus+ 2021 \u2013 2027<\/a><\/p>\n<p><a href=\"https:\/\/www.univ-rouen.fr\/wp-content\/uploads\/2025\/02\/Declaration-Politique-Erasmus-URN_version-site.pdf\" rel=\"nofollow noopener\" target=\"_blank\">D\u00e9claration de politique Erasmus+ 2021 \u2013 2027<\/a><\/p>\n<p><a href=\"https:\/\/www.univ-rouen.fr\/wp-content\/uploads\/2025\/06\/Fact-Sheet-F-ROUEN01-24-25_EN-Courses.pdf\" rel=\"nofollow noopener\" target=\"_blank\">Fact sheet URN 2024 \u2013 2025<\/a><\/p>\n","protected":false},"excerpt":{"rendered":"La cr\u00e9ation d\u2019une internationalisation solidaire et responsable, accessible \u00e0 tous, pr\u00f4nant la r\u00e9ussite et l\u2019acquisition de comp\u00e9tences, permettant&hellip;\n","protected":false},"author":2,"featured_media":524937,"comment_status":"","ping_status":"","sticky":false,"template":"","format":"standard","meta":{"footnotes":""},"categories":[9587],"tags":[1111,11,1777,674,1011,27,12,5161,25,9590],"class_list":{"0":"post-524936","1":"post","2":"type-post","3":"status-publish","4":"format-standard","5":"has-post-thumbnail","7":"category-rouen","8":"tag-actu","9":"tag-actualites","10":"tag-eu","11":"tag-europe","12":"tag-fr","13":"tag-france","14":"tag-news","15":"tag-normandie","16":"tag-republique-francaise","17":"tag-rouen"},"share_on_mastodon":{"url":"https:\/\/pubeurope.com\/@fr\/115525555666112888","error":""},"_links":{"self":[{"href":"https:\/\/www.europesays.com\/fr\/wp-json\/wp\/v2\/posts\/524936","targetHints":{"allow":["GET"]}}],"collection":[{"href":"https:\/\/www.europesays.com\/fr\/wp-json\/wp\/v2\/posts"}],"about":[{"href":"https:\/\/www.europesays.com\/fr\/wp-json\/wp\/v2\/types\/post"}],"author":[{"embeddable":true,"href":"https:\/\/www.europesays.com\/fr\/wp-json\/wp\/v2\/users\/2"}],"replies":[{"embeddable":true,"href":"https:\/\/www.europesays.com\/fr\/wp-json\/wp\/v2\/comments?post=524936"}],"version-history":[{"count":0,"href":"https:\/\/www.europesays.com\/fr\/wp-json\/wp\/v2\/posts\/524936\/revisions"}],"wp:featuredmedia":[{"embeddable":true,"href":"https:\/\/www.europesays.com\/fr\/wp-json\/wp\/v2\/media\/524937"}],"wp:attachment":[{"href":"https:\/\/www.europesays.com\/fr\/wp-json\/wp\/v2\/media?parent=524936"}],"wp:term":[{"taxonomy":"category","embeddable":true,"href":"https:\/\/www.europesays.com\/fr\/wp-json\/wp\/v2\/categories?post=524936"},{"taxonomy":"post_tag","embeddable":true,"href":"https:\/\/www.europesays.com\/fr\/wp-json\/wp\/v2\/tags?post=524936"}],"curies":[{"name":"wp","href":"https:\/\/api.w.org\/{rel}","templated":true}]}}