{"id":524938,"date":"2025-11-10T13:07:13","date_gmt":"2025-11-10T13:07:13","guid":{"rendered":"https:\/\/www.europesays.com\/fr\/524938\/"},"modified":"2025-11-10T13:07:13","modified_gmt":"2025-11-10T13:07:13","slug":"rouen-gagnez-2-places-pour-equi-seine-au-parc-des-expositions-de-rouen","status":"publish","type":"post","link":"https:\/\/www.europesays.com\/fr\/524938\/","title":{"rendered":"Rouen. Gagnez 2 places pour Equi Seine au parc des expositions de Rouen"},"content":{"rendered":"<p>Du 20 au 23 novembre, d\u00e9couvrez la 25\u00e8me \u00e9dition d&rsquo;Equi Seine.\u00a0<\/p>\n<p>Au programme de cet \u00e9v\u00e8nement : Cross Indoor, Jumping CSI 4* qui compte pour le clasement mondial, salon normand, salon des m\u00e9tiers et village p\u00e9dagogique.\u00a0<\/p>\n<p>Les meilleurs cavaliers mondiaux seront attendus tel que Peneloppe Leprevost, Gilles Thomas (champion de Belgique) ou encore Victor Bettendorf (vainqueur du LGCT Grand Prix de Rome).\u00a0<\/p>\n<p>Au cours d&rsquo;Equi Seine, environ 400 chevaux, 220 cavaliers, 18 \u00e9preuves et 100 b\u00e9n\u00e9voles seront pr\u00e9sent.<\/p>\n<p>Pour plus d&rsquo;informations sur l&rsquo;\u00e9v\u00e8nement, c&rsquo;est\u00a0<a href=\"https:\/\/www.equiseine.fr\/\" target=\"_blank\" rel=\"noopener nofollow\">ICI.<\/a><\/p>\n<p><strong>Date : du 20 au 23 novembre au Parc des expositions de Rouen.<\/strong><\/p>\n<p>\u21d2 Pour tentez de gagner vos 2 entr\u00e9es, remplissez simplement le formulaire ci-dessous.<\/p>\n<p>Tirage au sort le 14 novembre.<\/p><\/p>\n","protected":false},"excerpt":{"rendered":"Du 20 au 23 novembre, d\u00e9couvrez la 25\u00e8me \u00e9dition d&rsquo;Equi Seine.\u00a0 Au programme de cet \u00e9v\u00e8nement : Cross&hellip;\n","protected":false},"author":2,"featured_media":524939,"comment_status":"","ping_status":"","sticky":false,"template":"","format":"standard","meta":{"footnotes":""},"categories":[9587],"tags":[1111,11,1777,674,1011,27,12,5161,25,9590],"class_list":{"0":"post-524938","1":"post","2":"type-post","3":"status-publish","4":"format-standard","5":"has-post-thumbnail","7":"category-rouen","8":"tag-actu","9":"tag-actualites","10":"tag-eu","11":"tag-europe","12":"tag-fr","13":"tag-france","14":"tag-news","15":"tag-normandie","16":"tag-republique-francaise","17":"tag-rouen"},"share_on_mastodon":{"url":"https:\/\/pubeurope.com\/@fr\/115525559559229711","error":""},"_links":{"self":[{"href":"https:\/\/www.europesays.com\/fr\/wp-json\/wp\/v2\/posts\/524938","targetHints":{"allow":["GET"]}}],"collection":[{"href":"https:\/\/www.europesays.com\/fr\/wp-json\/wp\/v2\/posts"}],"about":[{"href":"https:\/\/www.europesays.com\/fr\/wp-json\/wp\/v2\/types\/post"}],"author":[{"embeddable":true,"href":"https:\/\/www.europesays.com\/fr\/wp-json\/wp\/v2\/users\/2"}],"replies":[{"embeddable":true,"href":"https:\/\/www.europesays.com\/fr\/wp-json\/wp\/v2\/comments?post=524938"}],"version-history":[{"count":0,"href":"https:\/\/www.europesays.com\/fr\/wp-json\/wp\/v2\/posts\/524938\/revisions"}],"wp:featuredmedia":[{"embeddable":true,"href":"https:\/\/www.europesays.com\/fr\/wp-json\/wp\/v2\/media\/524939"}],"wp:attachment":[{"href":"https:\/\/www.europesays.com\/fr\/wp-json\/wp\/v2\/media?parent=524938"}],"wp:term":[{"taxonomy":"category","embeddable":true,"href":"https:\/\/www.europesays.com\/fr\/wp-json\/wp\/v2\/categories?post=524938"},{"taxonomy":"post_tag","embeddable":true,"href":"https:\/\/www.europesays.com\/fr\/wp-json\/wp\/v2\/tags?post=524938"}],"curies":[{"name":"wp","href":"https:\/\/api.w.org\/{rel}","templated":true}]}}