{"id":524943,"date":"2025-11-10T13:10:13","date_gmt":"2025-11-10T13:10:13","guid":{"rendered":"https:\/\/www.europesays.com\/fr\/524943\/"},"modified":"2025-11-10T13:10:13","modified_gmt":"2025-11-10T13:10:13","slug":"une-seconde-fuite-deau-detectee-sous-ce-grand-boulevard-a-rennes-la-circulation-restera-perturbee-jusqua-noel","status":"publish","type":"post","link":"https:\/\/www.europesays.com\/fr\/524943\/","title":{"rendered":"Une seconde fuite d\u2019eau d\u00e9tect\u00e9e sous ce grand boulevard \u00e0 Rennes\u00a0: la circulation restera perturb\u00e9e jusqu\u2019\u00e0 No\u00ebl"},"content":{"rendered":"<p>C\u2019est une op\u00e9ration particuli\u00e8rement \u00ab complexe \u00bb pour les \u00e9quipes d\u2019Eau du Bassin Rennais. La soci\u00e9t\u00e9 publique locale, en charge de la distribution d\u2019eau potable, est mobilis\u00e9e depuis d\u00e9but septembre sur un chantier situ\u00e9 dans le quartier de Villejean, au niveau du carrefour des avenues Winston Churchill et Charles et Raymonde Tillon. Initialement, la rupture d\u2019une conduite d\u2019eau de gros diam\u00e8tre, juste \u00e0 la sortie de l\u2019usine de Villejean, avait fragilis\u00e9 la chauss\u00e9e.<\/p>\n<p>Mais les travaux qui devaient durer deux mois vont devoir se prolonger. \u00ab Les investigations compl\u00e9mentaires ont mis en avant une seconde fuite, et une d\u00e9formation de la conduite au droit du passage pi\u00e9ton souterrain qui permet de traverser le carrefour \u00bb, indique Eau du Bassin Rennais.<\/p>\n<p>Un chantier au moins jusqu\u2019\u00e0 No\u00ebl<\/p>\n<p>La seconde fuite \u00e9tant inaccessible par les moyens de terrassement traditionnels, les techniciens vont devoir poser une nouvelle conduite sur une longueur de 110 m\u00e8tres. Cette installation se fera en parall\u00e8le de la premi\u00e8re canalisation, avec la technique du forage dirig\u00e9. Compte tenu des d\u00e9lais d\u2019approvisionnement du mat\u00e9riel et de la mobilisation des engins n\u00e9cessaires, le chantier est prolong\u00e9 jusqu\u2019aux vacances de No\u00ebl.<\/p>\n<p>Cette extension des travaux aura pour cons\u00e9quence d\u2019allonger la zone d\u2019intervention. Il sera dor\u00e9navant interdit de tourner \u00e0 gauche en direction de la rue du doyen Denis Leroy pour les v\u00e9hicules sortant de la rocade.<\/p>\n","protected":false},"excerpt":{"rendered":"C\u2019est une op\u00e9ration particuli\u00e8rement \u00ab complexe \u00bb pour les \u00e9quipes d\u2019Eau du Bassin Rennais. La soci\u00e9t\u00e9 publique locale,&hellip;\n","protected":false},"author":2,"featured_media":524944,"comment_status":"","ping_status":"","sticky":false,"template":"","format":"standard","meta":{"footnotes":""},"categories":[2821],"tags":[1111,11,829,1777,674,1011,27,848,12,584,25],"class_list":{"0":"post-524943","1":"post","2":"type-post","3":"status-publish","4":"format-standard","5":"has-post-thumbnail","7":"category-rennes","8":"tag-actu","9":"tag-actualites","10":"tag-bretagne","11":"tag-eu","12":"tag-europe","13":"tag-fr","14":"tag-france","15":"tag-ille-et-vilaine","16":"tag-news","17":"tag-rennes","18":"tag-republique-francaise"},"share_on_mastodon":{"url":"https:\/\/pubeurope.com\/@fr\/115525571328821053","error":""},"_links":{"self":[{"href":"https:\/\/www.europesays.com\/fr\/wp-json\/wp\/v2\/posts\/524943","targetHints":{"allow":["GET"]}}],"collection":[{"href":"https:\/\/www.europesays.com\/fr\/wp-json\/wp\/v2\/posts"}],"about":[{"href":"https:\/\/www.europesays.com\/fr\/wp-json\/wp\/v2\/types\/post"}],"author":[{"embeddable":true,"href":"https:\/\/www.europesays.com\/fr\/wp-json\/wp\/v2\/users\/2"}],"replies":[{"embeddable":true,"href":"https:\/\/www.europesays.com\/fr\/wp-json\/wp\/v2\/comments?post=524943"}],"version-history":[{"count":0,"href":"https:\/\/www.europesays.com\/fr\/wp-json\/wp\/v2\/posts\/524943\/revisions"}],"wp:featuredmedia":[{"embeddable":true,"href":"https:\/\/www.europesays.com\/fr\/wp-json\/wp\/v2\/media\/524944"}],"wp:attachment":[{"href":"https:\/\/www.europesays.com\/fr\/wp-json\/wp\/v2\/media?parent=524943"}],"wp:term":[{"taxonomy":"category","embeddable":true,"href":"https:\/\/www.europesays.com\/fr\/wp-json\/wp\/v2\/categories?post=524943"},{"taxonomy":"post_tag","embeddable":true,"href":"https:\/\/www.europesays.com\/fr\/wp-json\/wp\/v2\/tags?post=524943"}],"curies":[{"name":"wp","href":"https:\/\/api.w.org\/{rel}","templated":true}]}}