{"id":524951,"date":"2025-11-10T13:15:19","date_gmt":"2025-11-10T13:15:19","guid":{"rendered":"https:\/\/www.europesays.com\/fr\/524951\/"},"modified":"2025-11-10T13:15:19","modified_gmt":"2025-11-10T13:15:19","slug":"pres-de-nice-ces-gendarmes-montent-une-operation-xxl-la-saisie-est-spectaculaire","status":"publish","type":"post","link":"https:\/\/www.europesays.com\/fr\/524951\/","title":{"rendered":"Pr\u00e8s de Nice. Ces gendarmes montent une op\u00e9ration XXL, la saisie est spectaculaire"},"content":{"rendered":"<p>            Par<br \/>\n        <strong><br \/>\n            <a href=\"https:\/\/actu.fr\/auteur\/arthur-frand\" title=\"Consulter tous les articles de Arthur Frand\" target=\"_blank\" rel=\"noopener\">Arthur Frand<\/a><br \/>\n        <\/strong><\/p>\n<p>        Publi\u00e9 le<\/p>\n<p>            10 nov. 2025 \u00e0 14h03        <\/p>\n<p>Deux mois de traque et un r\u00e9sultat probant. Une<strong> importante op\u00e9ration de police<\/strong> judiciaire a \u00e9t\u00e9 men\u00e9e par la compagnie de gendarmerie de <a href=\"https:\/\/actu.fr\/provence-alpes-cote-d-azur\/cannes_06029\" target=\"_blank\" rel=\"noopener\">Cannes<\/a>, pr\u00e8s de <a href=\"https:\/\/actu.fr\/nice\/\" target=\"_blank\" rel=\"noopener\">Nice<\/a> dans les <a href=\"https:\/\/actu.fr\/provence-alpes-cote-d-azur\/alpes-maritimes_06\" target=\"_blank\" rel=\"noopener\">Alpes-Maritimes<\/a>, mardi 4\u00a0novembre 2025.<\/p>\n<p class=\" wall-content\">Elle a permis de <strong>d\u00e9manteler un r\u00e9seau de stup\u00e9fiants<\/strong> et de saisir des dizaines de kilos de marchandise destin\u00e9e \u00e0 \u00eatre \u00e9coul\u00e9e dans les communes du d\u00e9partement.<\/p>\n<p>70 militaires mobilis\u00e9s<\/p>\n<p class=\" wall-content\">Cette vaste op\u00e9ration a \u00e9t\u00e9 <strong>effectu\u00e9e par 70 militaires<\/strong>. Ces derniers, sous la direction d\u2019enqu\u00eate de la brigade de recherche de Cannes, \u00e9taient appuy\u00e9s par des \u00e9quipes sp\u00e9cialis\u00e9es, notamment le Groupe d\u2019Observation Surveillance (GOS13).<\/p>\n<p class=\" wall-content\">Apr\u00e8s deux mois d\u2019investigations, ils sont parvenus \u00e0 <strong>interpeller sept individus<\/strong> dont \u00ab\u2009tout indiquait qu\u2019ils \u00e9coulaient de mani\u00e8re r\u00e9guli\u00e8re une quantit\u00e9 importante de r\u00e9sine de cannabis\u2009\u00bb, pr\u00e9cise la gendarmerie de Cannes. Les sept mis en cause ont \u00e9t\u00e9 appr\u00e9hend\u00e9s sur <strong>plusieurs communes du d\u00e9partement<\/strong>\u2009: Mougins, Villefranche-sur-Mer et Beaulieu-sur-Mer.<\/p>\n<p>    <img   decoding=\"async\" loading=\"lazy\" src=\"https:\/\/www.europesays.com\/fr\/wp-content\/uploads\/2025\/11\/synthese-photo-bk-960x640.jpeg\" alt=\"Cannes\" width=\"960\" height=\"640\"\/><br \/>\n    La gendarmerie de Cannes a saisi 170\u00a0kg de r\u00e9sine de cannabis le 4\u00a0novembre 2025. (\u00a9Gendarmerie de Cannes)Une marchandise en cours d\u2019acheminement<\/p>\n<p class=\" wall-content\">Lors de cette op\u00e9ration, <strong>170\u00a0kg de r\u00e9sine de cannabis<\/strong> et coca\u00efne ont \u00e9t\u00e9 saisis pour une somme de 12\u2009510\u00a0euros. \u00ab\u2009Celle-ci \u00e9tait en cours d\u2019acheminement sur les communes de Menton, Villefranche-sur-Mer, Mougins et Marseille\u2009\u00bb, souligne la gendarmerie de Cannes.<\/p>\n<p class=\" wall-content\">Trois pistolets automatiques, huit voitures et deux motos \u00e9galement plac\u00e9s sous main de la justice.<\/p>\n<p>Votre r\u00e9gion, votre actu !<\/p>\n<p>Recevez chaque jour les infos qui comptent pour vous.<\/p>\n<p>\t<a href=\"https:\/\/actu.fr\/newsletter\" class=\"ac-btn ac-btn--corner ac-btn--medium ac-btn--blue800\" target=\"_blank\" rel=\"noopener\">S&rsquo;incrire<\/a><br \/>\nDeux femmes et cinq hommes arr\u00eat\u00e9s<\/p>\n<p class=\" wall-content\">Deux femmes de 42 et 52\u00a0ans et cinq hommes \u00e2g\u00e9s de 18 \u00e0 67\u00a0ans <strong>ont \u00e9t\u00e9 arr\u00eat\u00e9s<\/strong>.<\/p>\n<p class=\" wall-content\">Le vendredi 7\u00a0novembre 2025, les sept personnes interpell\u00e9es ont \u00e9t\u00e9 <strong>d\u00e9f\u00e9r\u00e9es au parquet de Grasse<\/strong> apr\u00e8s avoir \u00e9t\u00e9 plac\u00e9es en gardes \u00e0 vue prolong\u00e9es dans le cadre des \u00ab\u2009dispositions de lutte contre la criminalit\u00e9 organis\u00e9e\u2009\u00bb.<\/p>\n<p class=\" wall-content\">Quatre d\u2019entre elles ont \u00e9t\u00e9 pr\u00e9sent\u00e9es afin d\u2019\u00eatre jug\u00e9es en <strong>comparution imm\u00e9diate<\/strong> pour \u00ab\u2009transport, d\u00e9tention, offre ou cession, et acquisition de produits stup\u00e9fiants\u2009\u00bb, dont une \u00e9galement pour avoir p\u00e9n\u00e9tr\u00e9 sur le territoire national sans autorisation apr\u00e8s une interdiction judiciaire.<\/p>\n<p class=\" wall-content\">Sollicitant un d\u00e9lai pour pr\u00e9parer leur d\u00e9fense, trois de ces personnes ont \u00e9t\u00e9 plac\u00e9es en d\u00e9tention provisoire et sous contr\u00f4le judiciaire. Elles seront jug\u00e9es le 15 d\u00e9cembre prochain par le tribunal correctionnel de Grasse (Alpes-Maritimes), explique le parquet de Grasse.<\/p>\n<p class=\" wall-content\">Un individu a d\u00e9j\u00e0 \u00e9t\u00e9 condamn\u00e9 \u00e0 10\u00a0mois de prison et doit exercer une activit\u00e9 professionnelle ou suivre une formation, ainsi que se soumettre \u00e0 des soins et ne pas entrer en contact avec ses complices. Les deux personnes les moins impliqu\u00e9es ont, elles, \u00e9t\u00e9 convoqu\u00e9es ult\u00e9rieurement.<\/p>\n<p class=\" wall-content\">Personnalisez votre actualit\u00e9 en ajoutant vos villes et m\u00e9dias en favori avec <a href=\"https:\/\/moncompte.actu.fr\" title=\"D\u00e9couvez Mon Actu\" rel=\"nofollow noopener\" data-trk=\"{&quot;cta&quot;:{&quot;action&quot;:&quot;https:\\\/\\\/moncompte.actu.fr&quot;,&quot;category&quot;:&quot;mon compte&quot;,&quot;from&quot;:&quot;article footer&quot;,&quot;name&quot;:&quot;Mon actu&quot;,&quot;type&quot;:&quot;cta&quot;}}\" target=\"_blank\">Mon Actu<\/a>.<\/p>\n","protected":false},"excerpt":{"rendered":"Par Arthur Frand Publi\u00e9 le 10 nov. 2025 \u00e0 14h03 Deux mois de traque et un r\u00e9sultat probant.&hellip;\n","protected":false},"author":2,"featured_media":524952,"comment_status":"","ping_status":"","sticky":false,"template":"","format":"standard","meta":{"footnotes":""},"categories":[2819],"tags":[1111,11,1052,1777,674,1011,27,3381,12,2401,882,25,104],"class_list":{"0":"post-524951","1":"post","2":"type-post","3":"status-publish","4":"format-standard","5":"has-post-thumbnail","7":"category-nice","8":"tag-actu","9":"tag-actualites","10":"tag-drogue","11":"tag-eu","12":"tag-europe","13":"tag-fr","14":"tag-france","15":"tag-gendarmerie","16":"tag-news","17":"tag-nice","18":"tag-provence-alpes-cote-dazur","19":"tag-republique-francaise","20":"tag-societe"},"share_on_mastodon":{"url":"https:\/\/pubeurope.com\/@fr\/115525591960161480","error":""},"_links":{"self":[{"href":"https:\/\/www.europesays.com\/fr\/wp-json\/wp\/v2\/posts\/524951","targetHints":{"allow":["GET"]}}],"collection":[{"href":"https:\/\/www.europesays.com\/fr\/wp-json\/wp\/v2\/posts"}],"about":[{"href":"https:\/\/www.europesays.com\/fr\/wp-json\/wp\/v2\/types\/post"}],"author":[{"embeddable":true,"href":"https:\/\/www.europesays.com\/fr\/wp-json\/wp\/v2\/users\/2"}],"replies":[{"embeddable":true,"href":"https:\/\/www.europesays.com\/fr\/wp-json\/wp\/v2\/comments?post=524951"}],"version-history":[{"count":0,"href":"https:\/\/www.europesays.com\/fr\/wp-json\/wp\/v2\/posts\/524951\/revisions"}],"wp:featuredmedia":[{"embeddable":true,"href":"https:\/\/www.europesays.com\/fr\/wp-json\/wp\/v2\/media\/524952"}],"wp:attachment":[{"href":"https:\/\/www.europesays.com\/fr\/wp-json\/wp\/v2\/media?parent=524951"}],"wp:term":[{"taxonomy":"category","embeddable":true,"href":"https:\/\/www.europesays.com\/fr\/wp-json\/wp\/v2\/categories?post=524951"},{"taxonomy":"post_tag","embeddable":true,"href":"https:\/\/www.europesays.com\/fr\/wp-json\/wp\/v2\/tags?post=524951"}],"curies":[{"name":"wp","href":"https:\/\/api.w.org\/{rel}","templated":true}]}}