{"id":524953,"date":"2025-11-10T13:16:20","date_gmt":"2025-11-10T13:16:20","guid":{"rendered":"https:\/\/www.europesays.com\/fr\/524953\/"},"modified":"2025-11-10T13:16:20","modified_gmt":"2025-11-10T13:16:20","slug":"un-jeune-coureur-decede-a-quelques-metres-de-larrivee-du-marathon-nice-cannes","status":"publish","type":"post","link":"https:\/\/www.europesays.com\/fr\/524953\/","title":{"rendered":"Un jeune coureur d\u00e9c\u00e8de \u00e0 quelques m\u00e8tres de l\u2019arriv\u00e9e du marathon Nice-Cannes"},"content":{"rendered":"<p>\n    Un jeune homme de 27 ans, originaire du Bas-Rhin, est mort d\u2019un arr\u00eat cardio-respiratoire, dimanche, une centaine de m\u00e8tres avant la ligne d\u2019arriv\u00e9e.<\/p>\n<p class=\"fig-paragraph\">Un jeune homme de 27 ans est d\u00e9c\u00e9d\u00e9 d\u2019un arr\u00eat cardiorespiratoire, une centaine de m\u00e8tres avant de franchir la ligne d\u2019arriv\u00e9e du\u00a0<a href=\"http:\/\/www.lefigaro.fr\/sports\/athletisme\/marathon-de-new-york-la-kenyane-hellen-obiri-s-impose-pour-la-deuxieme-fois-avec-un-temps-record-20251102\" data-fig-type=\"NewsFlash\" data-gtm-custom-categorie=\"navigation\" data-gtm-custom-action=\"crossclick\" data-gtm-custom-label=\"Contextuel\" data-gtm-event=\"customEventSPE\" data-fig-domain=\"LEFIGARO\" target=\"_blank\" rel=\"noopener\">marathon<\/a>\u00a0Nice-Cannes, qui se d\u00e9roulait dimanche 9 novembre dans les Alpes-Maritimes.<\/p>\n<p class=\"fig-paragraph\">Selon nos informations, le coureur, originaire de la commune de Brumath,\u00a0<a href=\"http:\/\/www.lefigaro.fr\/faits-divers\/bas-rhin-un-agent-de-la-dgse-soupconne-de-harcelement-sur-une-femme-20251024\" data-fig-type=\"NewsFlash\" data-gtm-custom-categorie=\"navigation\" data-gtm-custom-action=\"crossclick\" data-gtm-custom-label=\"Contextuel\" data-gtm-event=\"customEventSPE\" data-fig-domain=\"LEFIGARO\" target=\"_blank\" rel=\"noopener\">dans le Bas-Rhin<\/a>, s\u2019est effondr\u00e9 \u00e0 Cannes, aux alentours de midi. La course avait d\u00e9but\u00e9 \u00e0 8 heures, avec pr\u00e8s de 22.000 participants. \u00abCette belle journ\u00e9e a \u00e9t\u00e9 endeuill\u00e9e par le d\u00e9c\u00e8s d\u2019un de nos coureurs, victime d\u2019un arr\u00eat cardiaque peu avant la ligne d\u2019arriv\u00e9e. Malgr\u00e9 sa prise en charge imm\u00e9diate par nos services de secours, la victime n\u2019a pu \u00eatre r\u00e9anim\u00e9e. Nous adressons ce soir nos pens\u00e9es les plus sinc\u00e8res \u00e0 sa famille et \u00e0 ses proches, et leur pr\u00e9sentons nos plus profondes condol\u00e9ances\u00bb, a \u00e9crit l\u2019organisation du marathon sur sa page Facebook.<\/p>\n<p>                                    <a class=\"fig-a11y-skip a11y-hidden\" href=\"#fig-a11y-skip-main-inarticle\"><br \/>\n        Passer la publicit\u00e9<br \/>\n    <\/a><\/p>\n<p class=\"fig-paragraph\">Le maire de Nice,\u00a0<a href=\"http:\/\/www.lefigaro.fr\/nice\/a-nice-la-protection-fonctionnelle-accordee-a-christian-estrosi-pour-une-plainte-contre-eric-ciotti-fait-polemique-20251024\" data-fig-type=\"NewsFlash\" data-gtm-custom-categorie=\"navigation\" data-gtm-custom-action=\"crossclick\" data-gtm-custom-label=\"Contextuel\" data-gtm-event=\"customEventSPE\" data-fig-domain=\"LEFIGARO\" target=\"_blank\" rel=\"noopener\">Christian Estrosi<\/a>, ainsi que\u00a0<a href=\"http:\/\/www.lefigaro.fr\/politique\/presidentielle-david-lisnard-lr-plaide-pour-une-primaire-de-l-udi-a-sarah-knafo-20251029\" data-fig-type=\"NewsFlash\" data-gtm-custom-categorie=\"navigation\" data-gtm-custom-action=\"crossclick\" data-gtm-custom-label=\"Contextuel\" data-gtm-event=\"customEventSPE\" data-fig-domain=\"LEFIGARO\" target=\"_blank\" rel=\"noopener\">David Lisnard<\/a>, maire de Cannes, ont \u00e9galement r\u00e9agi sur le r\u00e9seau social X.<\/p>\n<p class=\"fig-paragraph\">Le jeune marathonien \u00e9tait venu en famille, laquelle se trouvait sur place \u00e0 Cannes.<\/p>\n<p class=\"fig-paragraph\">Il s\u2019agit du second d\u00e9c\u00e8s survenu au cours du marathon Nice-Cannes. Un autre coureur avait perdu la vie\u00a0<a href=\"https:\/\/www.lefigaro.fr\/flash-actu\/2015\/11\/08\/97001-20151108FILWWW00066-un-coureur-meurt-pendant-le-marathon-nice-cannes.php\" data-fig-type=\"NewsFlash\" data-gtm-custom-categorie=\"navigation\" data-gtm-custom-action=\"crossclick\" data-gtm-custom-label=\"Contextuel\" data-gtm-event=\"customEventSPE\" data-fig-domain=\"LEFIGARO\" target=\"_blank\" rel=\"noopener\">il y a dix ans sur le m\u00eame parcours<\/a>.<\/p>\n","protected":false},"excerpt":{"rendered":"Un jeune homme de 27 ans, originaire du Bas-Rhin, est mort d\u2019un arr\u00eat cardio-respiratoire, dimanche, une centaine de&hellip;\n","protected":false},"author":2,"featured_media":524954,"comment_status":"","ping_status":"","sticky":false,"template":"","format":"standard","meta":{"footnotes":""},"categories":[2819],"tags":[1111,11,6466,3983,1777,674,1011,27,7178,12,2401,882,25],"class_list":{"0":"post-524953","1":"post","2":"type-post","3":"status-publish","4":"format-standard","5":"has-post-thumbnail","7":"category-nice","8":"tag-actu","9":"tag-actualites","10":"tag-course","11":"tag-deces","12":"tag-eu","13":"tag-europe","14":"tag-fr","15":"tag-france","16":"tag-marathon","17":"tag-news","18":"tag-nice","19":"tag-provence-alpes-cote-dazur","20":"tag-republique-francaise"},"share_on_mastodon":{"url":"https:\/\/pubeurope.com\/@fr\/115525594922701715","error":""},"_links":{"self":[{"href":"https:\/\/www.europesays.com\/fr\/wp-json\/wp\/v2\/posts\/524953","targetHints":{"allow":["GET"]}}],"collection":[{"href":"https:\/\/www.europesays.com\/fr\/wp-json\/wp\/v2\/posts"}],"about":[{"href":"https:\/\/www.europesays.com\/fr\/wp-json\/wp\/v2\/types\/post"}],"author":[{"embeddable":true,"href":"https:\/\/www.europesays.com\/fr\/wp-json\/wp\/v2\/users\/2"}],"replies":[{"embeddable":true,"href":"https:\/\/www.europesays.com\/fr\/wp-json\/wp\/v2\/comments?post=524953"}],"version-history":[{"count":0,"href":"https:\/\/www.europesays.com\/fr\/wp-json\/wp\/v2\/posts\/524953\/revisions"}],"wp:featuredmedia":[{"embeddable":true,"href":"https:\/\/www.europesays.com\/fr\/wp-json\/wp\/v2\/media\/524954"}],"wp:attachment":[{"href":"https:\/\/www.europesays.com\/fr\/wp-json\/wp\/v2\/media?parent=524953"}],"wp:term":[{"taxonomy":"category","embeddable":true,"href":"https:\/\/www.europesays.com\/fr\/wp-json\/wp\/v2\/categories?post=524953"},{"taxonomy":"post_tag","embeddable":true,"href":"https:\/\/www.europesays.com\/fr\/wp-json\/wp\/v2\/tags?post=524953"}],"curies":[{"name":"wp","href":"https:\/\/api.w.org\/{rel}","templated":true}]}}