{"id":524966,"date":"2025-11-10T13:23:11","date_gmt":"2025-11-10T13:23:11","guid":{"rendered":"https:\/\/www.europesays.com\/fr\/524966\/"},"modified":"2025-11-10T13:23:11","modified_gmt":"2025-11-10T13:23:11","slug":"croix-sous-leffet-du-thc-au-volant-dune-bmw-il-percute-et-plie-en-deux-un-lampadaire-de-6-metres","status":"publish","type":"post","link":"https:\/\/www.europesays.com\/fr\/524966\/","title":{"rendered":"Croix. Sous l&rsquo;effet du THC au volant d&rsquo;une BMW, il percute et plie en deux un lampadaire de 6 m\u00e8tres"},"content":{"rendered":"<p>            Par<br \/>\n        <strong><br \/>\n            <a href=\"https:\/\/actu.fr\/auteur\/margot-nicodeme\" title=\"Consulter tous les articles de Margot Nicod\u00e8me\" target=\"_blank\" rel=\"noopener\">Margot Nicod\u00e8me<\/a><br \/>\n        <\/strong><\/p>\n<p>        Publi\u00e9 le<\/p>\n<p>            10 nov. 2025 \u00e0 13h06        <\/p>\n<p><b>Impressionnant <a href=\"https:\/\/actu.fr\/tag\/accident\" target=\"_blank\" rel=\"noopener\">accident<\/a> de la route<\/b> \u00e0 <a href=\"https:\/\/actu.fr\/hauts-de-france\/croix_59163\" target=\"_blank\" rel=\"noopener\">Croix<\/a> (Nord), dans la matin\u00e9e du lundi 10 novembre 2025. <b>Un conducteur de 21 ans<\/b> roulait si vite que <b>le lampadaire qu\u2019il a percut\u00e9, haut de 6 m\u00e8tres, en a \u00e9t\u00e9 pli\u00e9<\/b> en deux. Le jeune homme, qui n\u2019\u00e9tait<b> pas titulaire du permis de conduire<\/b>, circulait en plus sous l\u2019effet du <a href=\"https:\/\/actu.fr\/tag\/cannabis\" target=\"_blank\" rel=\"noopener\">THC<\/a>.<\/p>\n<p>Sous l\u2019effet du THC, l\u2019automobiliste sans permis percute de plein fouet un lampadaire \u00e0 Croix<\/p>\n<p class=\" wall-content\">Il \u00e9tait 11h quand le choc a eu lieu rue rue Augustin-Telliez \u00e0 Croix. Quand la police est arriv\u00e9e sur place, il ne restait plus grand chose de la BWM conduite par le jeune homme, \u00ab\u00a0enti\u00e8rement endommag\u00e9e\u00a0\u00bb, pr\u00e9cise une source judiciaire.\u00a0<\/p>\n<p class=\" wall-content\">Le lampadaire percut\u00e9 de plein fouet, et lui aussi d\u00e9grad\u00e9, est situ\u00e9 au niveau du rond-point de la Briqueterie. Comme par miracle, l\u2019automobiliste, qui n\u2019\u00e9tait pas titulaire du permis et n\u2019\u00e9tait pas assur\u00e9, n\u2019a pas \u00e9t\u00e9 bless\u00e9.\u00a0<\/p>\n<p class=\" wall-content\">Un test salivaire a permis de mettre en \u00e9vidence la pr\u00e9sence dans son organisme de THC, mol\u00e9cule du <a href=\"https:\/\/actu.fr\/tag\/cannabis\" target=\"_blank\" rel=\"noopener\">cannabis<\/a>. Il a \u00e9t\u00e9 interpell\u00e9 et plac\u00e9 en garde \u00e0 vue. La BMW amoch\u00e9e, elle, a \u00e9t\u00e9 retir\u00e9e de la voie publique.<\/p>\n<p class=\" wall-content\">Personnalisez votre actualit\u00e9 en ajoutant vos villes et m\u00e9dias en favori avec <a href=\"https:\/\/moncompte.actu.fr\" title=\"D\u00e9couvez Mon Actu\" rel=\"nofollow noopener\" data-trk=\"{&quot;cta&quot;:{&quot;action&quot;:&quot;https:\\\/\\\/moncompte.actu.fr&quot;,&quot;category&quot;:&quot;mon compte&quot;,&quot;from&quot;:&quot;article footer&quot;,&quot;name&quot;:&quot;Mon actu&quot;,&quot;type&quot;:&quot;cta&quot;}}\" target=\"_blank\">Mon Actu<\/a>.<\/p>\n","protected":false},"excerpt":{"rendered":"Par Margot Nicod\u00e8me Publi\u00e9 le 10 nov. 2025 \u00e0 13h06 Impressionnant accident de la route \u00e0 Croix (Nord),&hellip;\n","protected":false},"author":2,"featured_media":524967,"comment_status":"","ping_status":"","sticky":false,"template":"","format":"standard","meta":{"footnotes":""},"categories":[2815],"tags":[119,1111,11,1052,1777,674,118,1011,27,811,1307,12,1072,25],"class_list":{"0":"post-524966","1":"post","2":"type-post","3":"status-publish","4":"format-standard","5":"has-post-thumbnail","7":"category-lille","8":"tag-accident","9":"tag-actu","10":"tag-actualites","11":"tag-drogue","12":"tag-eu","13":"tag-europe","14":"tag-faits-divers","15":"tag-fr","16":"tag-france","17":"tag-hauts-de-france","18":"tag-lille","19":"tag-news","20":"tag-police","21":"tag-republique-francaise"},"share_on_mastodon":{"url":"https:\/\/pubeurope.com\/@fr\/115525622499907357","error":""},"_links":{"self":[{"href":"https:\/\/www.europesays.com\/fr\/wp-json\/wp\/v2\/posts\/524966","targetHints":{"allow":["GET"]}}],"collection":[{"href":"https:\/\/www.europesays.com\/fr\/wp-json\/wp\/v2\/posts"}],"about":[{"href":"https:\/\/www.europesays.com\/fr\/wp-json\/wp\/v2\/types\/post"}],"author":[{"embeddable":true,"href":"https:\/\/www.europesays.com\/fr\/wp-json\/wp\/v2\/users\/2"}],"replies":[{"embeddable":true,"href":"https:\/\/www.europesays.com\/fr\/wp-json\/wp\/v2\/comments?post=524966"}],"version-history":[{"count":0,"href":"https:\/\/www.europesays.com\/fr\/wp-json\/wp\/v2\/posts\/524966\/revisions"}],"wp:featuredmedia":[{"embeddable":true,"href":"https:\/\/www.europesays.com\/fr\/wp-json\/wp\/v2\/media\/524967"}],"wp:attachment":[{"href":"https:\/\/www.europesays.com\/fr\/wp-json\/wp\/v2\/media?parent=524966"}],"wp:term":[{"taxonomy":"category","embeddable":true,"href":"https:\/\/www.europesays.com\/fr\/wp-json\/wp\/v2\/categories?post=524966"},{"taxonomy":"post_tag","embeddable":true,"href":"https:\/\/www.europesays.com\/fr\/wp-json\/wp\/v2\/tags?post=524966"}],"curies":[{"name":"wp","href":"https:\/\/api.w.org\/{rel}","templated":true}]}}